{"id":15553,"date":"2025-11-03T21:44:01","date_gmt":"2025-11-03T20:44:01","guid":{"rendered":"https:\/\/pasaenmendoza.com\/?p=15553"},"modified":"2025-11-03T21:44:02","modified_gmt":"2025-11-03T20:44:02","slug":"boleta-de-la-luz-que-pasara-en-mendoza-tras-el-aumento-establecido-por-nacion","status":"publish","type":"post","link":"https:\/\/pasaenmendoza.com\/?p=15553","title":{"rendered":"Boleta de la luz: qu\u00e9 pasar\u00e1 en Mendoza tras el aumento establecido por Naci\u00f3n"},"content":{"rendered":"\n<p><strong>La luz aumentar\u00e1 en Mendoza<\/strong>, pero a\u00fan no se sabe cu\u00e1nto. La inc\u00f3gnita se resolver\u00e1 reci\u00e9n cuando el&nbsp;<strong>Ente Provincial Regulador El\u00e9ctrico (EPRE)&nbsp;<\/strong>oficialice los cuadros tarifarios actualizados, a trav\u00e9s de una resoluci\u00f3n que se conocer\u00eda en los pr\u00f3ximos d\u00edas.<\/p>\n\n\n\n<p>La factura del servicio el\u00e9ctrico en la provincia tiene tres grandes componentes: provinciales (Valor Agregado de Distribuci\u00f3n o VAD), nacionales (costo de generaci\u00f3n y transporte de energ\u00eda) e impuestos.<\/p>\n\n\n\n<p>Este lunes, la Secretar\u00eda de Energ\u00eda de la Naci\u00f3n public\u00f3 la\u00a0<strong>Resoluci\u00f3n 434\/2025<\/strong>, que establece nuevos precios de la energ\u00eda en todo el pa\u00eds. Est\u00e1 confirmado que esa decisi\u00f3n impactar\u00e1 en las boletas de los usuarios mendocinos, pero por el momento se desconoce el porcentaje.<\/p>\n\n\n\n<p>Adem\u00e1s, el Gobierno provincial analiza una adecuaci\u00f3n del VAD. Seg\u00fan fuentes oficiales,&nbsp;<strong>la \u00faltima vez que ocurri\u00f3 fue en febrero y la cifra fue de 3%.<\/strong><\/p>\n\n\n\n<p><em>\u201cEn mayo hubo una baja y para el periodo agosto, septiembre y octubre no se aplic\u00f3 actualizaci\u00f3n del VAD dado que la variaci\u00f3n del \u00cdndice de Precios al Consumo (PIC) no super\u00f3 el umbral definido del 7% del trimestre anterior<\/em>\u201d, explicaron desde el\u00a0<strong>EPRE<\/strong>, tomando como referencia el procedimiento establecido en el Decreto 1680\/2024.<\/p>\n\n\n\n<p>En caso de que el Ejecutivo provincial decida incrementar el \u00edtem local, la boleta de luz de Mendoza sufrir\u00e1 un triple golpe. A la suba determinada por la Naci\u00f3n, se le sumar\u00e1 la actualizaci\u00f3n del VAD; consecuentemente, tambi\u00e9n aumentar\u00e1n los impuestos y tasas.<br>El\u00a0<strong>EPRE<\/strong>\u00a0cuenta con la posibilidad de publicar ambas actualizaciones en simult\u00e1neo: los valores de Naci\u00f3n y el VAD. A\u00fan no hay una fecha para la comunicaci\u00f3n oficial, seg\u00fan pudo averiguar<em>\u00a0El Sol.<\/em><\/p>\n\n\n\n<h2 class=\"wp-block-heading\" id=\"h-la-suba-nacional\">La suba nacional<\/h2>\n\n\n\n<p>El documento publicado por Naci\u00f3n&nbsp;<strong>aprueba la Programaci\u00f3n Estacional de Verano Definitiva<\/strong>&nbsp;para el Mercado El\u00e9ctrico Mayorista (MEM) y el MEM del Sistema Tierra del Fuego (MEMSTDF), cubriendo el per\u00edodo desde el 1 de noviembre de 2025 hasta el 30 de abril de 2026.&nbsp;<\/p>\n\n\n\n<p>La resoluci\u00f3n tambi\u00e9n\u00a0<strong>establece los Precios de Referencia de la Potencia (POTREF) y el Precio Estabilizado de la Energ\u00eda (PEE)<\/strong>\u00a0para los distribuidores, junto con los precios del transporte de energ\u00eda. Adem\u00e1s, se fija un\u00a0<strong>Precio Estacional para Servicios y Adicionales del Sistema<\/strong>\u00a0y se enmarca la medida dentro de un proceso de normalizaci\u00f3n progresiva del MEM y la\u00a0<strong>reestructuraci\u00f3n de subsidios a la energ\u00eda<\/strong>, manteniendo vigentes las bonificaciones para ciertos usuarios residenciales.<\/p>\n\n\n\n<p>El POTREF y el PEE son partes del costo que las distribuidoras el\u00e9ctricas abonan en el Mercado El\u00e9ctrico Mayorista (MEM) y que luego se reflejan en las facturas de los usuarios. El POTREF corresponde al valor asociado a la potencia contratada o disponible (medida en kilovatios, kW), mientras que el PEE representa el precio aplicado al consumo de energ\u00eda (expresado en kilovatios-hora, kWh).<\/p>\n\n\n\n<h2 class=\"wp-block-heading\" id=\"h-cuando-fue-el-ultimo-incremento\">Cu\u00e1ndo fue el \u00faltimo incremento<\/h2>\n\n\n\n<p>El \u00faltimo aumento registrado en\u00a0<strong>Mendoza\u00a0<\/strong>data de inicios de octubre, cuando el incremento promedio\u00a0<strong>fue de 0,17%<\/strong>. Los subsidios, en aquella ocasi\u00f3n, se mantuvieron tanto para nivel 2 con 66,26% de bonificaci\u00f3n hasta 700 kWh (ingresos bajos) como nivel tres con 51,08 hasta 500 kWh (ingresos medios).<\/p>\n\n\n\n<p><strong>Fuente: www.elsol.com.ar<\/strong><\/p>\n","protected":false},"excerpt":{"rendered":"<p>La luz aumentar\u00e1 en Mendoza, pero a\u00fan no se sabe cu\u00e1nto. La inc\u00f3gnita se resolver\u00e1 reci\u00e9n cuando el&nbsp;Ente Provincial Regulador El\u00e9ctrico (EPRE)&nbsp;oficialice los cuadros tarifarios actualizados, a trav\u00e9s de una resoluci\u00f3n que se conocer\u00eda en los pr\u00f3ximos d\u00edas. La factura del servicio el\u00e9ctrico en la provincia tiene tres grandes componentes: provinciales (Valor Agregado de Distribuci\u00f3n [&hellip;]<\/p>\n","protected":false},"author":2,"featured_media":15554,"comment_status":"open","ping_status":"open","sticky":false,"template":"","format":"standard","meta":[],"categories":[79],"tags":[],"_links":{"self":[{"href":"https:\/\/pasaenmendoza.com\/index.php?rest_route=\/wp\/v2\/posts\/15553"}],"collection":[{"href":"https:\/\/pasaenmendoza.com\/index.php?rest_route=\/wp\/v2\/posts"}],"about":[{"href":"https:\/\/pasaenmendoza.com\/index.php?rest_route=\/wp\/v2\/types\/post"}],"author":[{"embeddable":true,"href":"https:\/\/pasaenmendoza.com\/index.php?rest_route=\/wp\/v2\/users\/2"}],"replies":[{"embeddable":true,"href":"https:\/\/pasaenmendoza.com\/index.php?rest_route=%2Fwp%2Fv2%2Fcomments&post=15553"}],"version-history":[{"count":1,"href":"https:\/\/pasaenmendoza.com\/index.php?rest_route=\/wp\/v2\/posts\/15553\/revisions"}],"predecessor-version":[{"id":15555,"href":"https:\/\/pasaenmendoza.com\/index.php?rest_route=\/wp\/v2\/posts\/15553\/revisions\/15555"}],"wp:featuredmedia":[{"embeddable":true,"href":"https:\/\/pasaenmendoza.com\/index.php?rest_route=\/wp\/v2\/media\/15554"}],"wp:attachment":[{"href":"https:\/\/pasaenmendoza.com\/index.php?rest_route=%2Fwp%2Fv2%2Fmedia&parent=15553"}],"wp:term":[{"taxonomy":"category","embeddable":true,"href":"https:\/\/pasaenmendoza.com\/index.php?rest_route=%2Fwp%2Fv2%2Fcategories&post=15553"},{"taxonomy":"post_tag","embeddable":true,"href":"https:\/\/pasaenmendoza.com\/index.php?rest_route=%2Fwp%2Fv2%2Ftags&post=15553"}],"curies":[{"name":"wp","href":"https:\/\/api.w.org\/{rel}","templated":true}]}}