{"id":15559,"date":"2025-11-04T21:19:02","date_gmt":"2025-11-04T20:19:02","guid":{"rendered":"https:\/\/pasaenmendoza.com\/?p=15559"},"modified":"2025-11-04T21:19:03","modified_gmt":"2025-11-04T20:19:03","slug":"aysam-pretende-una-suba-del-1748-en-la-tarifa-de-agua-potable-y-cloacas-para-el-2026","status":"publish","type":"post","link":"https:\/\/pasaenmendoza.com\/?p=15559","title":{"rendered":"AYSAM pretende una suba del 17,48% en la tarifa de agua potable y cloacas para el 2026"},"content":{"rendered":"\n<p><strong>AYSAM<\/strong>\u00a0pidi\u00f3 una\u00a0<strong>suba<\/strong>\u00a0del 17,48% de la\u00a0<strong>tarifa\u00a0<\/strong>para\u00a0<strong>agua potable<\/strong>\u00a0y cloacas del 2026. As\u00ed lo pidi\u00f3 a la Direcci\u00f3n de Regulaci\u00f3n y Control de Agua y Saneamiento (DIRCAS), ente regulador sucesor del EPAS, que ya convoc\u00f3 a una\u00a0<strong>audiencia p\u00fablica<\/strong>\u00a0para tratarlo.<\/p>\n\n\n\n<p>Sergio Marinelli, superintendente del Departamento General de Irrigaci\u00f3n, del cual depende el ente, firm\u00f3 la resoluci\u00f3n 1186 por la cual se fij\u00f3 para el viernes 28 de noviembre a las 9.30.<\/p>\n\n\n\n<p>Antes, Claudio L\u00f3pez, Gerente de Administraci\u00f3n y Finanzas de\u00a0<strong>AYSAM<\/strong>, hab\u00eda pedido al titular de la DIRCAS, Sebasti\u00e1n Pulido, &#8220;poner a consideraci\u00f3n la readecuaci\u00f3n tarifaria correspondiente al a\u00f1o 2026&#8221;.<\/p>\n\n\n\n<p>La audiencia ser\u00e1 presencial en el&nbsp;<strong>Auditorio Biblioteca Manuel Belgrano<\/strong>&nbsp;(Antonio Tomba 54, Godoy Cruz). Y adem\u00e1s se transmitir\u00e1 online por el canal de Youtube, cuyo v\u00ednculo ser\u00e1 publicado en la p\u00e1gina web de Irrigaci\u00f3n los pr\u00f3ximos d\u00edas.<\/p>\n\n\n\n<h2 class=\"wp-block-heading\">El ajuste de tarifa pedido por AYSAM<\/h2>\n\n\n\n<p>&#8220;Cada a\u00f1o la empresa solicita una revisi\u00f3n de tarifas seg\u00fan costo operativo y de mantenimiento. Nuestra secretar\u00eda financiera ahora debe evaluar los costos para llevar lo que considera adecuado a la audiencia p\u00fablica&#8221;, se\u00f1al\u00f3 Pulido.<\/p>\n\n\n\n<p>En funci\u00f3n de costos y la inflaci\u00f3n proyectada para el 2026 seg\u00fan REM (Relevamiento de Expectativas de Mercado) del Banco Central, AYSAM elev\u00f3 su estudio de costos para sostener un pedido concreto: un&nbsp;<strong>aumento del 17% al 18%&nbsp;<\/strong>a partir del 31 de enero &#8220;de punta a punta&#8221;.<\/p>\n\n\n\n<p>Esto es, para todo el a\u00f1o pr\u00f3ximo. O sea, independientemente de, en caso de ser autorizado por el Poder Ejecutivo, c\u00f3mo se aplique, si&nbsp;<strong>de una vez o en cuotas bi, tri o cuatrimestrales<\/strong>.<\/p>\n\n\n\n<p>La \u00faltima palabra, como es habitual, ser\u00e1 del propio gobernador Alfredo&nbsp;<strong>Cornejo<\/strong>. Como responsable del poder concedente del servicio de agua potable y cloacas, debe decidir&nbsp;<strong>qu\u00e9 suba autorizar\u00e1<\/strong>&nbsp;y justamente su forma de trasladarla a las facturas.<\/p>\n\n\n\n<h2 class=\"wp-block-heading\">La suba para operadores de agua potable<\/h2>\n\n\n\n<p>La convocatoria se da en el marco del &#8220;procedimiento General de Determinaci\u00f3n Tarifaria Anual\u201d, aprobado mediante Decreto N\u00b01.363\/2.024. Y, como siempre, junto a AYSAM tambi\u00e9n comprende a los&nbsp;<strong>operadores comunitarios<\/strong>&nbsp;del servicio.<\/p>\n\n\n\n<p>Se trata de m\u00e1s de&nbsp;<strong>100 cooperativas zonales, uniones vecinales y hasta los municipios<\/strong>&nbsp;(Maip\u00fa, Luj\u00e1n y Tupungato) que operan por su cuenta la prestaci\u00f3n del suministro de agua potable y cloacas.<\/p>\n\n\n\n<p>En su caso, el pedido que llevar\u00e1 la DIRCAS a la audiencia p\u00fablica corresponde a una&nbsp;<strong>suba inicial del 19%<\/strong>.<\/p>\n\n\n\n<p>Un porcentaje superior porque, al decir de Pulido &#8220;sus costos son mayores, y por lo tanto su estructura financiera requiere otro nivel de ajuste de sus ingresos&#8221;.<\/p>\n\n\n\n<p><strong>Fuente: www.diariouno.com.ar<\/strong><\/p>\n","protected":false},"excerpt":{"rendered":"<p>AYSAM\u00a0pidi\u00f3 una\u00a0suba\u00a0del 17,48% de la\u00a0tarifa\u00a0para\u00a0agua potable\u00a0y cloacas del 2026. As\u00ed lo pidi\u00f3 a la Direcci\u00f3n de Regulaci\u00f3n y Control de Agua y Saneamiento (DIRCAS), ente regulador sucesor del EPAS, que ya convoc\u00f3 a una\u00a0audiencia p\u00fablica\u00a0para tratarlo. Sergio Marinelli, superintendente del Departamento General de Irrigaci\u00f3n, del cual depende el ente, firm\u00f3 la resoluci\u00f3n 1186 por la [&hellip;]<\/p>\n","protected":false},"author":2,"featured_media":15560,"comment_status":"open","ping_status":"open","sticky":false,"template":"","format":"standard","meta":[],"categories":[79],"tags":[],"_links":{"self":[{"href":"https:\/\/pasaenmendoza.com\/index.php?rest_route=\/wp\/v2\/posts\/15559"}],"collection":[{"href":"https:\/\/pasaenmendoza.com\/index.php?rest_route=\/wp\/v2\/posts"}],"about":[{"href":"https:\/\/pasaenmendoza.com\/index.php?rest_route=\/wp\/v2\/types\/post"}],"author":[{"embeddable":true,"href":"https:\/\/pasaenmendoza.com\/index.php?rest_route=\/wp\/v2\/users\/2"}],"replies":[{"embeddable":true,"href":"https:\/\/pasaenmendoza.com\/index.php?rest_route=%2Fwp%2Fv2%2Fcomments&post=15559"}],"version-history":[{"count":1,"href":"https:\/\/pasaenmendoza.com\/index.php?rest_route=\/wp\/v2\/posts\/15559\/revisions"}],"predecessor-version":[{"id":15561,"href":"https:\/\/pasaenmendoza.com\/index.php?rest_route=\/wp\/v2\/posts\/15559\/revisions\/15561"}],"wp:featuredmedia":[{"embeddable":true,"href":"https:\/\/pasaenmendoza.com\/index.php?rest_route=\/wp\/v2\/media\/15560"}],"wp:attachment":[{"href":"https:\/\/pasaenmendoza.com\/index.php?rest_route=%2Fwp%2Fv2%2Fmedia&parent=15559"}],"wp:term":[{"taxonomy":"category","embeddable":true,"href":"https:\/\/pasaenmendoza.com\/index.php?rest_route=%2Fwp%2Fv2%2Fcategories&post=15559"},{"taxonomy":"post_tag","embeddable":true,"href":"https:\/\/pasaenmendoza.com\/index.php?rest_route=%2Fwp%2Fv2%2Ftags&post=15559"}],"curies":[{"name":"wp","href":"https:\/\/api.w.org\/{rel}","templated":true}]}}