{"id":1556,"date":"2023-09-19T15:12:02","date_gmt":"2023-09-19T13:12:02","guid":{"rendered":"https:\/\/pasaenmendoza.com\/?p=1556"},"modified":"2023-09-19T15:12:02","modified_gmt":"2023-09-19T13:12:02","slug":"martes-fresco-con-cielo-mayormente-nublado","status":"publish","type":"post","link":"https:\/\/pasaenmendoza.com\/?p=1556","title":{"rendered":"Martes fresco con cielo mayormente nublado"},"content":{"rendered":"\n<p>Este martes habr\u00e1 un leve ascenso de temperatura y esta tendencia se mantendr\u00e1 al menos hasta el viernes.\u00a0<strong>La m\u00e1xima pronosticada para hoy es de 20\u00b0.<\/strong><\/p>\n\n\n\n<p>Seg\u00fan las previsiones del\u00a0<strong>Servicio Meteorol\u00f3gico Nacional<\/strong>, el cielo se mantendr\u00e1 parcialmente nublado y no hay previsi\u00f3n de lluvias o precipitaciones para el Gran Mendoza.\u00a0<\/p>\n\n\n\n<p>En tanto que, para\u00a0<strong>ma\u00f1ana mi\u00e9rcoles, la m\u00e1xima calculada es de 23\u00b0<\/strong>\u00a0y el jueves ser\u00eda el d\u00eda m\u00e1s c\u00e1lido con una m\u00e1xima de 26\u00b0, hacia el fin de semana volver\u00e1 a descender la temperatura.\u00a0<\/p>\n\n\n\n<p>Por el momento, el Servicio Meteorol\u00f3gico no prev\u00e9 precipitaciones, aunque la nubosidad ir\u00e1 en aumento y el fin de semana podr\u00edan camiar las condiciones.\u00a0<\/p>\n\n\n\n<p><strong>Fuente: www.mendozapost.com<\/strong><\/p>\n","protected":false},"excerpt":{"rendered":"<p>Este martes habr\u00e1 un leve ascenso de temperatura y esta tendencia se mantendr\u00e1 al menos hasta el viernes.\u00a0La m\u00e1xima pronosticada para hoy es de 20\u00b0. Seg\u00fan las previsiones del\u00a0Servicio Meteorol\u00f3gico Nacional, el cielo se mantendr\u00e1 parcialmente nublado y no hay previsi\u00f3n de lluvias o precipitaciones para el Gran Mendoza.\u00a0 En tanto que, para\u00a0ma\u00f1ana mi\u00e9rcoles, la [&hellip;]<\/p>\n","protected":false},"author":2,"featured_media":1559,"comment_status":"open","ping_status":"open","sticky":false,"template":"","format":"standard","meta":[],"categories":[52],"tags":[],"_links":{"self":[{"href":"https:\/\/pasaenmendoza.com\/index.php?rest_route=\/wp\/v2\/posts\/1556"}],"collection":[{"href":"https:\/\/pasaenmendoza.com\/index.php?rest_route=\/wp\/v2\/posts"}],"about":[{"href":"https:\/\/pasaenmendoza.com\/index.php?rest_route=\/wp\/v2\/types\/post"}],"author":[{"embeddable":true,"href":"https:\/\/pasaenmendoza.com\/index.php?rest_route=\/wp\/v2\/users\/2"}],"replies":[{"embeddable":true,"href":"https:\/\/pasaenmendoza.com\/index.php?rest_route=%2Fwp%2Fv2%2Fcomments&post=1556"}],"version-history":[{"count":1,"href":"https:\/\/pasaenmendoza.com\/index.php?rest_route=\/wp\/v2\/posts\/1556\/revisions"}],"predecessor-version":[{"id":1561,"href":"https:\/\/pasaenmendoza.com\/index.php?rest_route=\/wp\/v2\/posts\/1556\/revisions\/1561"}],"wp:featuredmedia":[{"embeddable":true,"href":"https:\/\/pasaenmendoza.com\/index.php?rest_route=\/wp\/v2\/media\/1559"}],"wp:attachment":[{"href":"https:\/\/pasaenmendoza.com\/index.php?rest_route=%2Fwp%2Fv2%2Fmedia&parent=1556"}],"wp:term":[{"taxonomy":"category","embeddable":true,"href":"https:\/\/pasaenmendoza.com\/index.php?rest_route=%2Fwp%2Fv2%2Fcategories&post=1556"},{"taxonomy":"post_tag","embeddable":true,"href":"https:\/\/pasaenmendoza.com\/index.php?rest_route=%2Fwp%2Fv2%2Ftags&post=1556"}],"curies":[{"name":"wp","href":"https:\/\/api.w.org\/{rel}","templated":true}]}}