{"id":15565,"date":"2025-11-04T21:25:09","date_gmt":"2025-11-04T20:25:09","guid":{"rendered":"https:\/\/pasaenmendoza.com\/?p=15565"},"modified":"2025-11-04T21:25:10","modified_gmt":"2025-11-04T20:25:10","slug":"el-gobierno-convoco-al-consejo-del-salario-para-definir-un-nuevo-aumento-del-minimo","status":"publish","type":"post","link":"https:\/\/pasaenmendoza.com\/?p=15565","title":{"rendered":"El gobierno convoc\u00f3 al Consejo del Salario para definir un nuevo aumento del m\u00ednimo"},"content":{"rendered":"\n<p>El gobierno nacional convoc\u00f3 oficialmente al\u00a0<strong>Consejo Nacional del Empleo<\/strong>, la Productividad y el<strong>\u00a0Salario M\u00ednimo, Vital y M\u00f3vil<\/strong>\u00a0para el pr\u00f3ximo 26 de noviembre, con el objetivo de definir un nuevo incremento del salario m\u00ednimo y actualizar los montos de las prestaciones por\u00a0<strong>desempleo<\/strong>.<\/p>\n\n\n\n<p>La convocatoria, que se realiza en medio el debate de la\u00a0<strong>reforma laboral,<\/strong>\u00a0fue formalizada este martes\u00a0mediante la Resoluci\u00f3n 6\/2025, publicada en el Bolet\u00edn Oficial, con la firma de Claudia Silvana Testa, presidenta alterna del Consejo.<\/p>\n\n\n\n<p>El plenario del Consejo del&nbsp;<strong>Salario&nbsp;<\/strong>est\u00e1 integrado por 16 representantes de los empleadores y 16 de los trabajadores y ser\u00e1 el que deber\u00e1 fijar los nuevos valores que regir\u00e1n en los pr\u00f3ximos meses. Todos los miembros fueron designados ad honorem por el Poder Ejecutivo, adem\u00e1s de un presidente designado por el Ministerio de Trabajo, Empleo y Seguridad Social, actualmente bajo la \u00f3rbita del Ministerio de Capital Humano.<\/p>\n\n\n\n<h2 class=\"wp-block-heading\">El salario m\u00ednimo es de $322.200<\/h2>\n\n\n\n<p>Desde agosto, el salario m\u00ednimo se mantiene en\u00a0<strong>$322.200<\/strong>\u00a0para quienes cumplen una jornada laboral completa de 48 horas semanales, mientras que el valor por hora para trabajadores jornalizados es de\u00a0<strong>$1.610<\/strong>.<\/p>\n\n\n\n<p>El&nbsp;<strong>Salario M\u00ednimo, Vital y M\u00f3vil (SMVM)<\/strong>&nbsp;no solo fija el piso salarial de los trabajadores formales, sino que adem\u00e1s funciona como referencia clave para el c\u00e1lculo de distintas prestaciones sociales y universales administradas por la&nbsp;<strong>ANSES<\/strong>.<\/p>\n\n\n\n<p>La reuni\u00f3n del\u00a0<strong>Consejo del Salario<\/strong>\u00a0se desarrollar\u00e1 de forma virtual el pr\u00f3ximo 26.<\/p>\n\n\n\n<p><strong>Fuente: www.diariouno.com.ar<\/strong><\/p>\n","protected":false},"excerpt":{"rendered":"<p>El gobierno nacional convoc\u00f3 oficialmente al\u00a0Consejo Nacional del Empleo, la Productividad y el\u00a0Salario M\u00ednimo, Vital y M\u00f3vil\u00a0para el pr\u00f3ximo 26 de noviembre, con el objetivo de definir un nuevo incremento del salario m\u00ednimo y actualizar los montos de las prestaciones por\u00a0desempleo. La convocatoria, que se realiza en medio el debate de la\u00a0reforma laboral,\u00a0fue formalizada este [&hellip;]<\/p>\n","protected":false},"author":2,"featured_media":15566,"comment_status":"open","ping_status":"open","sticky":false,"template":"","format":"standard","meta":[],"categories":[47],"tags":[],"_links":{"self":[{"href":"https:\/\/pasaenmendoza.com\/index.php?rest_route=\/wp\/v2\/posts\/15565"}],"collection":[{"href":"https:\/\/pasaenmendoza.com\/index.php?rest_route=\/wp\/v2\/posts"}],"about":[{"href":"https:\/\/pasaenmendoza.com\/index.php?rest_route=\/wp\/v2\/types\/post"}],"author":[{"embeddable":true,"href":"https:\/\/pasaenmendoza.com\/index.php?rest_route=\/wp\/v2\/users\/2"}],"replies":[{"embeddable":true,"href":"https:\/\/pasaenmendoza.com\/index.php?rest_route=%2Fwp%2Fv2%2Fcomments&post=15565"}],"version-history":[{"count":1,"href":"https:\/\/pasaenmendoza.com\/index.php?rest_route=\/wp\/v2\/posts\/15565\/revisions"}],"predecessor-version":[{"id":15567,"href":"https:\/\/pasaenmendoza.com\/index.php?rest_route=\/wp\/v2\/posts\/15565\/revisions\/15567"}],"wp:featuredmedia":[{"embeddable":true,"href":"https:\/\/pasaenmendoza.com\/index.php?rest_route=\/wp\/v2\/media\/15566"}],"wp:attachment":[{"href":"https:\/\/pasaenmendoza.com\/index.php?rest_route=%2Fwp%2Fv2%2Fmedia&parent=15565"}],"wp:term":[{"taxonomy":"category","embeddable":true,"href":"https:\/\/pasaenmendoza.com\/index.php?rest_route=%2Fwp%2Fv2%2Fcategories&post=15565"},{"taxonomy":"post_tag","embeddable":true,"href":"https:\/\/pasaenmendoza.com\/index.php?rest_route=%2Fwp%2Fv2%2Ftags&post=15565"}],"curies":[{"name":"wp","href":"https:\/\/api.w.org\/{rel}","templated":true}]}}