{"id":15568,"date":"2025-11-04T23:52:17","date_gmt":"2025-11-04T22:52:17","guid":{"rendered":"https:\/\/pasaenmendoza.com\/?p=15568"},"modified":"2025-11-04T23:52:18","modified_gmt":"2025-11-04T22:52:18","slug":"polemica-en-el-penal-de-almafuerte-porque-marcan-a-los-visitantes-con-fibrones-en-los-brazos","status":"publish","type":"post","link":"https:\/\/pasaenmendoza.com\/?p=15568","title":{"rendered":"Pol\u00e9mica en el penal de Almafuerte porque marcan a los visitantes con fibrones en los brazos"},"content":{"rendered":"\n<p>Una abogada present\u00f3 este martes un h\u00e1beas corpus correctivo contra el Servicio Penitenciario de Mendoza por una pr\u00e1ctica que calific\u00f3 como&nbsp;<em>\u201ccruel, inhumana y degradante\u201d:&nbsp;<\/em><strong>marcar con marcador indeleble los brazos de las personas que ingresan a visitar a los internos del penal Almafuerte I<\/strong>, en Luj\u00e1n.<\/p>\n\n\n\n<p>La presentaci\u00f3n a la que accedi\u00f3&nbsp;<em><strong>El Sol&nbsp;<\/strong><\/em>busca que la Justicia ordene el cese inmediato de ese procedimiento y que se implementen m\u00e9todos de control alternativos, como los scanners biom\u00e9tricos con los que ya cuenta el sistema.<\/p>\n\n\n\n<p>La acci\u00f3n fue impulsada por la defensora\u00a0<strong>Mar\u00eda Elena Quintero<\/strong>, representante del interno\u00a0<strong>Marcelo Araya<\/strong>, y apunta de manera colectiva en favor de todas las personas alojadas en el complejo penitenciario de Cacheuta.<\/p>\n\n\n\n<p>En el escrito que lleg\u00f3 al&nbsp;<strong>Juzgado Penal Colegiado N\u00b0 2<\/strong>, la letrada sostiene que el Servicio Penitenciario somete a los familiares a&nbsp;<em>\u201cuna pr\u00e1ctica vejatoria y humillante\u201d&nbsp;<\/em>al escribirles con&nbsp;<strong>marcador indeleble el n\u00famero de pabell\u00f3n y celda del interno que visitan.<\/strong><\/p>\n\n\n\n<p>Seg\u00fan detalla el escrito que deber\u00e1 resolver la Justicia,&nbsp;<strong>a los visitantes masculinos se les exige descubrir los brazos para ser marcados con el n\u00famero correspondiente<\/strong>, el cual queda visible incluso despu\u00e9s de abandonar el penal.<\/p>\n\n\n\n<p><em>\u201cEl uso de un marcador indeleble no es un detalle trivial, sino el n\u00facleo del agravio. Implica que el visitante es forzado a portar un estigma carcelario fuera de los muros del establecimiento, en la v\u00eda p\u00fablica, en su entorno laboral y en la intimidad de su hogar\u201d,\u00a0<\/em>sentenci\u00f3 entre otros argumentos la abogada, acompa\u00f1ando fotograf\u00edas como pruebas.<\/p>\n\n\n\n<p>Quintero entendi\u00f3 que la pr\u00e1ctica vulnera normas constitucionales y tratados internacionales de derechos humanos, entre ellos los art\u00edculos 5 y 11 de la&nbsp;<strong>Convenci\u00f3n Americana sobre Derechos Humanos<\/strong>, que proh\u00edben los tratos crueles, inhumanos o degradantes, y protegen la honra y la dignidad de las personas.<\/p>\n\n\n\n<p>Adem\u00e1s, remarc\u00f3 que el art\u00edculo 18 de la&nbsp;<strong>Constituci\u00f3n Nacional<\/strong>&nbsp;establece que las c\u00e1rceles son&nbsp;<em>\u201cpara seguridad y no para castigo\u201d,&nbsp;<\/em>principio que, se\u00f1al\u00f3, se viola al someter a familiares a un trato humillante.<\/p>\n\n\n\n<p>La presentaci\u00f3n tambi\u00e9n record\u00f3 que el Estado argentino fue objeto de medidas provisionales por parte de la\u00a0<strong>Corte Interamericana de Derechos Humanos<\/strong>\u00a0por las condiciones de detenci\u00f3n en las penitenciar\u00edas mendocinas.<\/p>\n\n\n\n<p>Como medida cautelar urgente, la abogada solicit\u00f3 que el juzgado ordene el&nbsp;<strong>cese inmediato de la pr\u00e1ctica<\/strong>&nbsp;de marcar a los visitantes, la que lleva varios meses, y que se disponga la&nbsp;<strong>implementaci\u00f3n de un m\u00e9todo alternativo<\/strong>, como los sistemas biom\u00e9tricos ya disponibles.<\/p>\n\n\n\n<p>En el escrito se pide adem\u00e1s que se notifique a la\u00a0<strong>Comisi\u00f3n Provincial de Prevenci\u00f3n de la Tortura<\/strong>\u00a0y al\u00a0<strong>Comit\u00e9 Nacional para la Prevenci\u00f3n de la Tortura<\/strong>\u00a0para el seguimiento del caso.<\/p>\n\n\n\n<p><strong>Fuente: www.elsol.com.ar<\/strong><\/p>\n","protected":false},"excerpt":{"rendered":"<p>Una abogada present\u00f3 este martes un h\u00e1beas corpus correctivo contra el Servicio Penitenciario de Mendoza por una pr\u00e1ctica que calific\u00f3 como&nbsp;\u201ccruel, inhumana y degradante\u201d:&nbsp;marcar con marcador indeleble los brazos de las personas que ingresan a visitar a los internos del penal Almafuerte I, en Luj\u00e1n. La presentaci\u00f3n a la que accedi\u00f3&nbsp;El Sol&nbsp;busca que la Justicia [&hellip;]<\/p>\n","protected":false},"author":2,"featured_media":15569,"comment_status":"open","ping_status":"open","sticky":false,"template":"","format":"standard","meta":[],"categories":[48],"tags":[],"_links":{"self":[{"href":"https:\/\/pasaenmendoza.com\/index.php?rest_route=\/wp\/v2\/posts\/15568"}],"collection":[{"href":"https:\/\/pasaenmendoza.com\/index.php?rest_route=\/wp\/v2\/posts"}],"about":[{"href":"https:\/\/pasaenmendoza.com\/index.php?rest_route=\/wp\/v2\/types\/post"}],"author":[{"embeddable":true,"href":"https:\/\/pasaenmendoza.com\/index.php?rest_route=\/wp\/v2\/users\/2"}],"replies":[{"embeddable":true,"href":"https:\/\/pasaenmendoza.com\/index.php?rest_route=%2Fwp%2Fv2%2Fcomments&post=15568"}],"version-history":[{"count":1,"href":"https:\/\/pasaenmendoza.com\/index.php?rest_route=\/wp\/v2\/posts\/15568\/revisions"}],"predecessor-version":[{"id":15570,"href":"https:\/\/pasaenmendoza.com\/index.php?rest_route=\/wp\/v2\/posts\/15568\/revisions\/15570"}],"wp:featuredmedia":[{"embeddable":true,"href":"https:\/\/pasaenmendoza.com\/index.php?rest_route=\/wp\/v2\/media\/15569"}],"wp:attachment":[{"href":"https:\/\/pasaenmendoza.com\/index.php?rest_route=%2Fwp%2Fv2%2Fmedia&parent=15568"}],"wp:term":[{"taxonomy":"category","embeddable":true,"href":"https:\/\/pasaenmendoza.com\/index.php?rest_route=%2Fwp%2Fv2%2Fcategories&post=15568"},{"taxonomy":"post_tag","embeddable":true,"href":"https:\/\/pasaenmendoza.com\/index.php?rest_route=%2Fwp%2Fv2%2Ftags&post=15568"}],"curies":[{"name":"wp","href":"https:\/\/api.w.org\/{rel}","templated":true}]}}