{"id":15576,"date":"2025-11-05T00:03:42","date_gmt":"2025-11-04T23:03:42","guid":{"rendered":"https:\/\/pasaenmendoza.com\/?p=15576"},"modified":"2025-11-05T00:03:43","modified_gmt":"2025-11-04T23:03:43","slug":"cuatro-dias-seguidos-de-lluvias-en-mendoza-el-particular-pronostico-para-el-resto-de-la-semana","status":"publish","type":"post","link":"https:\/\/pasaenmendoza.com\/?p=15576","title":{"rendered":"\u00bfCuatro d\u00edas seguidos de lluvias en Mendoza? El particular pron\u00f3stico para el resto de la semana"},"content":{"rendered":"\n<p>La inestabilidad ser\u00e1 una constante durante los primeros d\u00edas de noviembre en Mendoza. Seg\u00fan el pron\u00f3stico del Servicio Meteorol\u00f3gico Nacional (SMN), se esperan&nbsp;<strong>lluvias&nbsp;<\/strong>y&nbsp;<strong>tormentas&nbsp;<\/strong>aisladas entre este martes y el viernes, con un descenso de la temperatura hacia el final de la semana.<\/p>\n\n\n\n<p>Las tormentas podr\u00edan comenzar en la noche de hoy, martes 4 de noviembre. El d\u00eda est\u00e1\u00a0<em>\u201cparcialmente nublado\u201d<\/em>\u00a0y los mendocinos experimentan un\u00a0<em>\u201cdescenso de la temperatura\u201d<\/em>. Se esperan\u00a0<em>\u201cvientos moderados del sudeste, lo que marca el ingreso de un frente fr\u00edo\u201d.<\/em><\/p>\n\n\n\n<p>El&nbsp;<strong>mi\u00e9rcoles y el jueves<\/strong>&nbsp;ser\u00e1n las jornadas m\u00e1s inestables: se anticipan&nbsp;<strong>tormentas de variada intensidad<\/strong>&nbsp;y chaparrones en distintos puntos del Gran Mendoza. Las m\u00e1ximas rondar\u00e1n los 23 \u00b0C y 21 \u00b0C, respectivamente, con m\u00ednimas cercanas a los 13 \u00b0C. Incluso,&nbsp;<strong>Contingencias Clim\u00e1ticas advierte la posibilidad de granizo para el jueves.<\/strong><\/p>\n\n\n\n<p>El&nbsp;<strong>viernes<\/strong>&nbsp;continuar\u00e1 con nubosidad y posibles lluvias intermitentes, mientras la temperatura seguir\u00e1 bajando: la m\u00e1xima no superar\u00e1 los 21 \u00b0C y la m\u00ednima llegar\u00e1 a 11 \u00b0C.<\/p>\n\n\n\n<p>Mendoza vivir\u00e1 una semana marcada por la\u00a0<strong>inestabilidad<\/strong>\u00a0y las condiciones podr\u00edan extenderse incluso al s\u00e1bado y domingo.<\/p>\n\n\n\n<p><strong>Fuente: www.elsol.com.ar<\/strong><\/p>\n","protected":false},"excerpt":{"rendered":"<p>La inestabilidad ser\u00e1 una constante durante los primeros d\u00edas de noviembre en Mendoza. Seg\u00fan el pron\u00f3stico del Servicio Meteorol\u00f3gico Nacional (SMN), se esperan&nbsp;lluvias&nbsp;y&nbsp;tormentas&nbsp;aisladas entre este martes y el viernes, con un descenso de la temperatura hacia el final de la semana. Las tormentas podr\u00edan comenzar en la noche de hoy, martes 4 de noviembre. El [&hellip;]<\/p>\n","protected":false},"author":2,"featured_media":15577,"comment_status":"open","ping_status":"open","sticky":false,"template":"","format":"standard","meta":[],"categories":[52],"tags":[],"_links":{"self":[{"href":"https:\/\/pasaenmendoza.com\/index.php?rest_route=\/wp\/v2\/posts\/15576"}],"collection":[{"href":"https:\/\/pasaenmendoza.com\/index.php?rest_route=\/wp\/v2\/posts"}],"about":[{"href":"https:\/\/pasaenmendoza.com\/index.php?rest_route=\/wp\/v2\/types\/post"}],"author":[{"embeddable":true,"href":"https:\/\/pasaenmendoza.com\/index.php?rest_route=\/wp\/v2\/users\/2"}],"replies":[{"embeddable":true,"href":"https:\/\/pasaenmendoza.com\/index.php?rest_route=%2Fwp%2Fv2%2Fcomments&post=15576"}],"version-history":[{"count":1,"href":"https:\/\/pasaenmendoza.com\/index.php?rest_route=\/wp\/v2\/posts\/15576\/revisions"}],"predecessor-version":[{"id":15578,"href":"https:\/\/pasaenmendoza.com\/index.php?rest_route=\/wp\/v2\/posts\/15576\/revisions\/15578"}],"wp:featuredmedia":[{"embeddable":true,"href":"https:\/\/pasaenmendoza.com\/index.php?rest_route=\/wp\/v2\/media\/15577"}],"wp:attachment":[{"href":"https:\/\/pasaenmendoza.com\/index.php?rest_route=%2Fwp%2Fv2%2Fmedia&parent=15576"}],"wp:term":[{"taxonomy":"category","embeddable":true,"href":"https:\/\/pasaenmendoza.com\/index.php?rest_route=%2Fwp%2Fv2%2Fcategories&post=15576"},{"taxonomy":"post_tag","embeddable":true,"href":"https:\/\/pasaenmendoza.com\/index.php?rest_route=%2Fwp%2Fv2%2Ftags&post=15576"}],"curies":[{"name":"wp","href":"https:\/\/api.w.org\/{rel}","templated":true}]}}