{"id":15579,"date":"2025-11-05T00:14:26","date_gmt":"2025-11-04T23:14:26","guid":{"rendered":"https:\/\/pasaenmendoza.com\/?p=15579"},"modified":"2025-11-05T00:14:26","modified_gmt":"2025-11-04T23:14:26","slug":"sancion-inicial-en-mendoza-para-penalizar-a-padres-por-el-bullying-de-sus-hijos","status":"publish","type":"post","link":"https:\/\/pasaenmendoza.com\/?p=15579","title":{"rendered":"Sanci\u00f3n inicial en Mendoza para penalizar a padres por el bullying de sus hijos"},"content":{"rendered":"\n<p>El&nbsp;<strong>Senado de Mendoza<\/strong>&nbsp;<strong>aprob\u00f3<\/strong>&nbsp;por unanimidad un proyecto de ley impulsado por el Ejecutivo que incorpora al C\u00f3digo de Contravenciones provincial una nueva figura vinculada a la&nbsp;<strong>responsabilidad parental ante casos de acoso escolar ( bullying )<\/strong>. La iniciativa, busca promover la corresponsabilidad familiar en la prevenci\u00f3n del acoso escolar, combinando sanciones con acompa\u00f1amiento y formaci\u00f3n.<\/p>\n\n\n\n<p>Durante la sesi\u00f3n, la senadora<strong>\u00a0Mariana Zlobec<\/strong>, presidenta de la Comisi\u00f3n de Educaci\u00f3n, Ciencia y T\u00e9cnica, fue la miembro informante del proyecto y destac\u00f3 que la iniciativa &#8220;parte de una premisa clara: el bullying es una problem\u00e1tica social seria, con consecuencias emocionales, f\u00edsicas y psicol\u00f3gicas profundas, que requiere una respuesta integral desde la familia, la escuela y el Estado&#8221;.<\/p>\n\n\n\n<p>Zlobec remarc\u00f3 que el texto legal &#8220;no busca castigar, sino generar reflexi\u00f3n y promover v\u00ednculos m\u00e1s saludables&#8221;. En ese sentido, explic\u00f3 que las sanciones previstas contemplan trabajo comunitario, asistencia obligatoria a talleres de parentalidad y, en los casos m\u00e1s graves o reincidentes, multas econ\u00f3micas. Los fondos recaudados por estas sanciones ser\u00e1n destinados al Fondo Provincial para la Prevenci\u00f3n y Asistencia al Acoso Escolar, administrado por la Direcci\u00f3n General de Escuelas, y tambi\u00e9n a bibliotecas populares, reforzando as\u00ed el sentido educativo y comunitario de la norma.<\/p>\n\n\n\n<p>La senadora agradeci\u00f3 los aportes de distintos bloques legislativos que contribuyeron al consenso alcanzado. &#8220;Lo que queremos es seguir fortaleciendo el compromiso con una educaci\u00f3n basada en el respeto, la empat\u00eda y la convivencia&#8221;, se\u00f1al\u00f3, recordando que recientemente el Senado aprob\u00f3 la instauraci\u00f3n de la Semana de Concientizaci\u00f3n y Prevenci\u00f3n del Acoso Escolar y del Ciberacoso.<\/p>\n\n\n\n<p>En tanto, el senador F\u00e9lix Gonz\u00e1lez, del bloque justicialista, valor\u00f3 la iniciativa como &#8220;un paso adelante&#8221; en la lucha contra el acoso escolar y destac\u00f3 que &#8220;convoca a toda la sociedad a tomar conciencia del flagelo que viven muchos chicos mendocinos&#8221;.<\/p>\n\n\n\n<p>El proyecto incorpora al C\u00f3digo de Contravenciones de Mendoza los art\u00edculos 100 bis, 100 ter, 100 quater, 100 quinquies y 100 sexties, que establecen un procedimiento progresivo ante casos de bullying. En una primera instancia, se prev\u00e9 la intervenci\u00f3n escolar y el acompa\u00f1amiento interdisciplinario. Si los padres o tutores no colaboran o incumplen las medidas dispuestas, intervendr\u00e1 el Juzgado Contravencional.<\/p>\n\n\n\n<p>Las sanciones a los padres<\/p>\n\n\n\n<p>Las sanciones podr\u00e1n incluir trabajo comunitario de entre cinco y cincuenta d\u00edas o multas de<strong>&nbsp;500 a 5000 unidades fijas,<\/strong>&nbsp;seg\u00fan la gravedad del caso. En situaciones de reincidencia, el juez podr\u00e1 duplicar las sanciones y ordenar la asistencia obligatoria a talleres o terapia familiar. Cada&nbsp;<strong>Unidad Fija tiene un valor de $500<\/strong>, por lo cual la&nbsp;<strong>penalidad puede ir desde $25.000 hasta los $250.000.<\/strong><\/p>\n\n\n\n<p>Desde el Ejecutivo se destac\u00f3 que, si bien las escuelas cumplen un rol esencial en la detecci\u00f3n y contenci\u00f3n de estas situaciones, la primera responsabilidad recae en las familias, que deben acompa\u00f1ar y orientar a sus hijos.<\/p>\n\n\n\n<p>El esp\u00edritu de la ley apunta a un enfoque preventivo, educativo y restaurativo, con el prop\u00f3sito de involucrar activamente a las familias en la construcci\u00f3n de comunidades m\u00e1s seguras, respetuosas y solidarias.<\/p>\n\n\n\n<p><strong>Fuente: www.mendozapost.com<\/strong><\/p>\n","protected":false},"excerpt":{"rendered":"<p>El&nbsp;Senado de Mendoza&nbsp;aprob\u00f3&nbsp;por unanimidad un proyecto de ley impulsado por el Ejecutivo que incorpora al C\u00f3digo de Contravenciones provincial una nueva figura vinculada a la&nbsp;responsabilidad parental ante casos de acoso escolar ( bullying ). La iniciativa, busca promover la corresponsabilidad familiar en la prevenci\u00f3n del acoso escolar, combinando sanciones con acompa\u00f1amiento y formaci\u00f3n. Durante la [&hellip;]<\/p>\n","protected":false},"author":2,"featured_media":15580,"comment_status":"open","ping_status":"open","sticky":false,"template":"","format":"standard","meta":[],"categories":[47],"tags":[],"_links":{"self":[{"href":"https:\/\/pasaenmendoza.com\/index.php?rest_route=\/wp\/v2\/posts\/15579"}],"collection":[{"href":"https:\/\/pasaenmendoza.com\/index.php?rest_route=\/wp\/v2\/posts"}],"about":[{"href":"https:\/\/pasaenmendoza.com\/index.php?rest_route=\/wp\/v2\/types\/post"}],"author":[{"embeddable":true,"href":"https:\/\/pasaenmendoza.com\/index.php?rest_route=\/wp\/v2\/users\/2"}],"replies":[{"embeddable":true,"href":"https:\/\/pasaenmendoza.com\/index.php?rest_route=%2Fwp%2Fv2%2Fcomments&post=15579"}],"version-history":[{"count":1,"href":"https:\/\/pasaenmendoza.com\/index.php?rest_route=\/wp\/v2\/posts\/15579\/revisions"}],"predecessor-version":[{"id":15581,"href":"https:\/\/pasaenmendoza.com\/index.php?rest_route=\/wp\/v2\/posts\/15579\/revisions\/15581"}],"wp:featuredmedia":[{"embeddable":true,"href":"https:\/\/pasaenmendoza.com\/index.php?rest_route=\/wp\/v2\/media\/15580"}],"wp:attachment":[{"href":"https:\/\/pasaenmendoza.com\/index.php?rest_route=%2Fwp%2Fv2%2Fmedia&parent=15579"}],"wp:term":[{"taxonomy":"category","embeddable":true,"href":"https:\/\/pasaenmendoza.com\/index.php?rest_route=%2Fwp%2Fv2%2Fcategories&post=15579"},{"taxonomy":"post_tag","embeddable":true,"href":"https:\/\/pasaenmendoza.com\/index.php?rest_route=%2Fwp%2Fv2%2Ftags&post=15579"}],"curies":[{"name":"wp","href":"https:\/\/api.w.org\/{rel}","templated":true}]}}