{"id":15582,"date":"2025-11-05T23:12:05","date_gmt":"2025-11-05T22:12:05","guid":{"rendered":"https:\/\/pasaenmendoza.com\/?p=15582"},"modified":"2025-11-05T23:12:06","modified_gmt":"2025-11-05T22:12:06","slug":"tres-detenidos-tras-un-operativo-donde-desarticularon-una-organizacion-narco","status":"publish","type":"post","link":"https:\/\/pasaenmendoza.com\/?p=15582","title":{"rendered":"Tres detenidos tras un operativo donde desarticularon una organizaci\u00f3n narco"},"content":{"rendered":"\n<p>Un trabajo conjunto entre la&nbsp;<strong>Polic\u00eda Federal Argentina<\/strong>&nbsp;y la&nbsp;<strong>Polic\u00eda Contra el Narcotr\u00e1fico (PCN) de Mendoza<\/strong>&nbsp;permiti\u00f3 desarticular una organizaci\u00f3n dedicada al fraccionamiento y venta de drogas en distintos puntos del Gran Mendoza. El operativo culmin\u00f3 con&nbsp;<strong>tres detenidos<\/strong>&nbsp;y el&nbsp;<strong>secuestro de m\u00e1s de tres millones de pesos<\/strong>, adem\u00e1s de coca\u00edna, marihuana y tel\u00e9fonos celulares.<\/p>\n\n\n\n<p>El procedimiento fue coordinado por la\u00a0<strong>Superintendencia de Agencias Federales de Investigaci\u00f3n<\/strong>, a trav\u00e9s de la\u00a0<strong>Divisi\u00f3n Unidad Operativa Federal Mendoza<\/strong>, en el marco de una causa por infracci\u00f3n a la\u00a0<strong>Ley 23.737<\/strong>. La investigaci\u00f3n estuvo bajo la \u00f3rbita del\u00a0<strong>Juzgado Federal de Garant\u00edas de Mendoza<\/strong>, a cargo del\u00a0<strong>doctor Marcelo Garnica<\/strong>, con intervenci\u00f3n de la\u00a0<strong>Unidad Fiscal de Investigaci\u00f3n de Casos Sencillos<\/strong>, que encabeza la\u00a0<strong>doctora Patricia Santoni<\/strong>.<\/p>\n\n\n\n<p>En total, se llevaron a cabo\u00a0<strong>siete allanamientos<\/strong>\u00a0en los departamentos de\u00a0<strong>Las Heras, Godoy Cruz y Ciudad de Mendoza<\/strong>: cinco a cargo de la Polic\u00eda Federal y dos ejecutados por la fuerza provincial. En los procedimientos se incaut\u00f3\u00a0<strong>un kilogramo de coca\u00edna<\/strong>,\u00a0<strong>marihuana<\/strong>,\u00a0<strong>alrededor de $3.500.000<\/strong>\u00a0y\u00a0<strong>once tel\u00e9fonos celulares<\/strong>, adem\u00e1s de otros elementos vinculados a la actividad delictiva.<\/p>\n\n\n\n<p>Desde la fuerza federal destacaron que se trat\u00f3 de&nbsp;<em>\u201c<strong>un golpe significativo contra el narcotr\u00e1fico en la regi\u00f3n<\/strong>\u201d<\/em>&nbsp;y remarcaron que la labor conjunta con la Polic\u00eda provincial permiti\u00f3&nbsp;<em>\u201c<strong>reforzar la presencia del Estado en la lucha contra el crimen organizado<\/strong>\u201d.<\/em><\/p>\n\n\n\n<p>Las autoridades se\u00f1alaron que este tipo de operativos se enmarca en los\u00a0<strong>lineamientos del Ministerio de Seguridad de la Naci\u00f3n<\/strong>, orientados a\u00a0<strong>desarticular redes criminales<\/strong>\u00a0y fortalecer las tareas de\u00a0<strong>prevenci\u00f3n y control del narcotr\u00e1fico<\/strong>\u00a0en todo el pa\u00eds.<\/p>\n\n\n\n<p><strong>Fuente: www.elsol.com.ar<\/strong><\/p>\n","protected":false},"excerpt":{"rendered":"<p>Un trabajo conjunto entre la&nbsp;Polic\u00eda Federal Argentina&nbsp;y la&nbsp;Polic\u00eda Contra el Narcotr\u00e1fico (PCN) de Mendoza&nbsp;permiti\u00f3 desarticular una organizaci\u00f3n dedicada al fraccionamiento y venta de drogas en distintos puntos del Gran Mendoza. El operativo culmin\u00f3 con&nbsp;tres detenidos&nbsp;y el&nbsp;secuestro de m\u00e1s de tres millones de pesos, adem\u00e1s de coca\u00edna, marihuana y tel\u00e9fonos celulares. El procedimiento fue coordinado por [&hellip;]<\/p>\n","protected":false},"author":2,"featured_media":15583,"comment_status":"open","ping_status":"open","sticky":false,"template":"","format":"standard","meta":[],"categories":[48],"tags":[],"_links":{"self":[{"href":"https:\/\/pasaenmendoza.com\/index.php?rest_route=\/wp\/v2\/posts\/15582"}],"collection":[{"href":"https:\/\/pasaenmendoza.com\/index.php?rest_route=\/wp\/v2\/posts"}],"about":[{"href":"https:\/\/pasaenmendoza.com\/index.php?rest_route=\/wp\/v2\/types\/post"}],"author":[{"embeddable":true,"href":"https:\/\/pasaenmendoza.com\/index.php?rest_route=\/wp\/v2\/users\/2"}],"replies":[{"embeddable":true,"href":"https:\/\/pasaenmendoza.com\/index.php?rest_route=%2Fwp%2Fv2%2Fcomments&post=15582"}],"version-history":[{"count":1,"href":"https:\/\/pasaenmendoza.com\/index.php?rest_route=\/wp\/v2\/posts\/15582\/revisions"}],"predecessor-version":[{"id":15584,"href":"https:\/\/pasaenmendoza.com\/index.php?rest_route=\/wp\/v2\/posts\/15582\/revisions\/15584"}],"wp:featuredmedia":[{"embeddable":true,"href":"https:\/\/pasaenmendoza.com\/index.php?rest_route=\/wp\/v2\/media\/15583"}],"wp:attachment":[{"href":"https:\/\/pasaenmendoza.com\/index.php?rest_route=%2Fwp%2Fv2%2Fmedia&parent=15582"}],"wp:term":[{"taxonomy":"category","embeddable":true,"href":"https:\/\/pasaenmendoza.com\/index.php?rest_route=%2Fwp%2Fv2%2Fcategories&post=15582"},{"taxonomy":"post_tag","embeddable":true,"href":"https:\/\/pasaenmendoza.com\/index.php?rest_route=%2Fwp%2Fv2%2Ftags&post=15582"}],"curies":[{"name":"wp","href":"https:\/\/api.w.org\/{rel}","templated":true}]}}