{"id":15591,"date":"2025-11-05T23:30:13","date_gmt":"2025-11-05T22:30:13","guid":{"rendered":"https:\/\/pasaenmendoza.com\/?p=15591"},"modified":"2025-11-05T23:30:14","modified_gmt":"2025-11-05T22:30:14","slug":"la-mujer-que-mato-a-un-chico-frente-al-parque-debera-usar-tobillera","status":"publish","type":"post","link":"https:\/\/pasaenmendoza.com\/?p=15591","title":{"rendered":"La mujer que mat\u00f3 a un chico frente al Parque deber\u00e1 usar tobillera"},"content":{"rendered":"\n<p>\u00a0<strong>Mar\u00eda Amelia Albina Molina, acusada por la muerte de un joven y las lesiones de otro frente al Parque, recibi\u00f3 el beneficio de la prisi\u00f3n domiciliaria<\/strong>. La mujer\u00a0<strong>de 82 a\u00f1os<\/strong>\u00a0enfrent\u00f3 la imputaci\u00f3n de la Justicia por su participaci\u00f3n en el\u00a0siniestro vial ocurrido el pasado s\u00e1bado 1 de noviembre. El Fiscal de Tr\u00e1nsito, Fernando Giunta, dict\u00f3 la medida en el contexto del avance de la causa.<\/p>\n\n\n\n<p>El hecho se produjo sobre la Avenida Boulogne Sur Mer. Alrededor de las trece y quince horas, Molina conduc\u00eda un autom\u00f3vil marca Volkswagen Up en direcci\u00f3n de sur a norte. La reconstrucci\u00f3n del Ministerio P\u00fablico Fiscal estableci\u00f3 que\u00a0<strong>la conductora cruz\u00f3 la intersecci\u00f3n con calle Clark cuando el sem\u00e1foro mostraba luz roja<\/strong>.<\/p>\n\n\n\n<p>En ese momento, dos j\u00f3venes atravesaban la calzada. El veh\u00edculo impact\u00f3 a ambos. Uno de los adolescentes, Fausto Morcos Garc\u00eda, falleci\u00f3 en el lugar. El segundo muchacho sufri\u00f3 lesiones en el cuerpo y los m\u00e9dicos lo\u00a0internaron en terapia intensiva en el hospital Notti.<\/p>\n\n\n\n<p>La imputaci\u00f3n contra Molina incluye los delitos de homicidio culposo agravado por pasar un sem\u00e1foro en rojo en concurso real con lesiones culposas graves agravadas por la misma circunstancia. La medida de detenci\u00f3n en su domicilio incluy\u00f3 la colocaci\u00f3n de una tobillera electr\u00f3nica. El Fiscal Giunta dispuso que la mujer no podr\u00e1 abandonar la vivienda por ning\u00fan motivo. El Ministerio P\u00fablico Fiscal contin\u00faa la incorporaci\u00f3n de pruebas al expediente.\u00a0<\/p>\n\n\n\n<p><strong>Fuente: www.mendozapost.com<\/strong><\/p>\n","protected":false},"excerpt":{"rendered":"<p>\u00a0Mar\u00eda Amelia Albina Molina, acusada por la muerte de un joven y las lesiones de otro frente al Parque, recibi\u00f3 el beneficio de la prisi\u00f3n domiciliaria. La mujer\u00a0de 82 a\u00f1os\u00a0enfrent\u00f3 la imputaci\u00f3n de la Justicia por su participaci\u00f3n en el\u00a0siniestro vial ocurrido el pasado s\u00e1bado 1 de noviembre. El Fiscal de Tr\u00e1nsito, Fernando Giunta, dict\u00f3 [&hellip;]<\/p>\n","protected":false},"author":2,"featured_media":15592,"comment_status":"open","ping_status":"open","sticky":false,"template":"","format":"standard","meta":[],"categories":[48],"tags":[],"_links":{"self":[{"href":"https:\/\/pasaenmendoza.com\/index.php?rest_route=\/wp\/v2\/posts\/15591"}],"collection":[{"href":"https:\/\/pasaenmendoza.com\/index.php?rest_route=\/wp\/v2\/posts"}],"about":[{"href":"https:\/\/pasaenmendoza.com\/index.php?rest_route=\/wp\/v2\/types\/post"}],"author":[{"embeddable":true,"href":"https:\/\/pasaenmendoza.com\/index.php?rest_route=\/wp\/v2\/users\/2"}],"replies":[{"embeddable":true,"href":"https:\/\/pasaenmendoza.com\/index.php?rest_route=%2Fwp%2Fv2%2Fcomments&post=15591"}],"version-history":[{"count":1,"href":"https:\/\/pasaenmendoza.com\/index.php?rest_route=\/wp\/v2\/posts\/15591\/revisions"}],"predecessor-version":[{"id":15593,"href":"https:\/\/pasaenmendoza.com\/index.php?rest_route=\/wp\/v2\/posts\/15591\/revisions\/15593"}],"wp:featuredmedia":[{"embeddable":true,"href":"https:\/\/pasaenmendoza.com\/index.php?rest_route=\/wp\/v2\/media\/15592"}],"wp:attachment":[{"href":"https:\/\/pasaenmendoza.com\/index.php?rest_route=%2Fwp%2Fv2%2Fmedia&parent=15591"}],"wp:term":[{"taxonomy":"category","embeddable":true,"href":"https:\/\/pasaenmendoza.com\/index.php?rest_route=%2Fwp%2Fv2%2Fcategories&post=15591"},{"taxonomy":"post_tag","embeddable":true,"href":"https:\/\/pasaenmendoza.com\/index.php?rest_route=%2Fwp%2Fv2%2Ftags&post=15591"}],"curies":[{"name":"wp","href":"https:\/\/api.w.org\/{rel}","templated":true}]}}