{"id":15594,"date":"2025-11-06T00:47:10","date_gmt":"2025-11-05T23:47:10","guid":{"rendered":"https:\/\/pasaenmendoza.com\/?p=15594"},"modified":"2025-11-06T00:47:11","modified_gmt":"2025-11-05T23:47:11","slug":"milei-reunio-a-legisladores-libertarios-y-del-pro-entre-ellos-4-mendocinos","status":"publish","type":"post","link":"https:\/\/pasaenmendoza.com\/?p=15594","title":{"rendered":"Milei reuni\u00f3 a legisladores libertarios y del PRO, entre ellos 4 mendocinos"},"content":{"rendered":"\n<p>El presidente<strong>\u00a0Javier Milei\u00a0<\/strong>recibi\u00f3 este mi\u00e9rcoles en Casa Rosada a diputados y a senadores electos y en ejercicio de La Libertad Avanza (LLA) y del PRO.\u00a0Poco despu\u00e9s parti\u00f3 a Estados Unidos\u00a0para participar de un foro del que tambi\u00e9n tomar\u00e1n parte su par norteamericano, Donald Trump, y hasta Lionel Messi.<\/p>\n\n\n\n<p>Este encuentro en la sede del gobierno nacional fue la continuidad del que se hizo el martes,\u00a0presidido por la hermana del presidente, Karina Milei,\u00a0en el que s\u00f3lo estuvieron los diputados electos libertarios. En ambos, el eje estuvo en el pedido de apoyo para las reformas que plantea Milei.<\/p>\n\n\n\n<p>En esta ocasi\u00f3n estuvieron de Mendoza,\u00a0<strong>Luis Petri y Julieta Metral,\u00a0<\/strong>que resultaron electos el 26 de octubre;\u00a0<strong>\u00c1lvaro Mart\u00ednez,<\/strong>\u00a0reelecto, y\u00a0<strong>Mercedes Llano,\u00a0<\/strong>quien es legisladora nacional desde 2023 y tiena mandato hasta 2027.<\/p>\n\n\n\n<h2 class=\"wp-block-heading\">Javier Milei quiere proyectar a Luis Petri<\/h2>\n\n\n\n<p>El encuentro tuvo lugar en el Sal\u00f3n H\u00e9roes de Malvinas, ubicado en la planta baja de Casa Rosada.<\/p>\n\n\n\n<p>All\u00ed trascendi\u00f3 que una de las intenciones del oficialismo es impulsar la reelecci\u00f3n de<strong>&nbsp;Mart\u00edn Menem&nbsp;<\/strong>como presidente del cuerpo y mantener a&nbsp;<strong>Gabriel Bornoroni<\/strong>&nbsp;como presidente del bloque, mientras que el ministro de Defensa y diputado electo,&nbsp;<strong>Luis Petri,&nbsp;<\/strong>tendr\u00e1 un lugar preponderante en la c\u00e1mara, que podr\u00eda ser como presidente de una comisi\u00f3n o vicepresidente del cuerpo.<\/p>\n\n\n\n<p>El jefe de bloque libertario,&nbsp;<strong>Gabriel Bornoroni,<\/strong>&nbsp;revel\u00f3: \u201cVinimos con todo el bloque para tener una reuni\u00f3n de trabajo. El objetivo es trabajar en equipo como lo venimos haciendo\u201d.<\/p>\n\n\n\n<p>Lo propio hizo&nbsp;<strong>Bartolom\u00e9 Abdala,&nbsp;<\/strong>presidente previsional del Senado, quien propuso avanzar en nuevos acuerdos legislativos con sectores no peronistas.<\/p>\n\n\n\n<p>\u201cEste tipo de reuniones son importantes. Demuestran el crecimiento de nuestro espacio pol\u00edtico, de la libertad avanza, y amerita estar siempre atento, escuchando las novedades y acompa\u00f1ar las reformas que tanto necesita la Rep\u00fablica\u201d, remarc\u00f3.<\/p>\n\n\n\n<p>\u201cSabemos que tenemos que seguir dialogando y buscado el acuerdo con los sectores no alineados con el kirchnerismo\u201d, sentenci\u00f3.<\/p>\n\n\n\n<p>A partir del 10 de diciembre, La Libertad Avanza contar\u00e1 con 88 diputados y junto a los aliados del PRO, que tiene 17 diputados, la UCR con 6 y Liga del Interior con 3, alcanzar\u00e1 la primera minor\u00eda con 115 diputados, con lo cual le quedar\u00e1 solo tender acuerdos con 14 legisladores para alcanzar el qu\u00f3rum de 129 legisladores.<\/p>\n\n\n\n<p>La intenci\u00f3n del encuentro fue aceitar la coordinaci\u00f3n entre los libertarios y sus aliados para aunar esfuerzos y sancionar el paquete de leyes estructurales que impulsar\u00e1 el Gobierno.<\/p>\n\n\n\n<p>El encuentro se realiz\u00f3 luego de que la mesa pol\u00edtica que integran el diputado y designado ministro del Interior,<strong>\u00a0Diego Santilli,<\/strong>\u00a0y el presidente de la C\u00e1mara Baja, Martin Menem,\u00a0debutara el lunes con el dictamen de mayor\u00eda\u00a0del Presupuesto 2026.<\/p>\n\n\n\n<p><strong>Fuente: www.diariouno.com.ar<\/strong><\/p>\n","protected":false},"excerpt":{"rendered":"<p>El presidente\u00a0Javier Milei\u00a0recibi\u00f3 este mi\u00e9rcoles en Casa Rosada a diputados y a senadores electos y en ejercicio de La Libertad Avanza (LLA) y del PRO.\u00a0Poco despu\u00e9s parti\u00f3 a Estados Unidos\u00a0para participar de un foro del que tambi\u00e9n tomar\u00e1n parte su par norteamericano, Donald Trump, y hasta Lionel Messi. Este encuentro en la sede del gobierno [&hellip;]<\/p>\n","protected":false},"author":2,"featured_media":15595,"comment_status":"open","ping_status":"open","sticky":false,"template":"","format":"standard","meta":[],"categories":[47],"tags":[],"_links":{"self":[{"href":"https:\/\/pasaenmendoza.com\/index.php?rest_route=\/wp\/v2\/posts\/15594"}],"collection":[{"href":"https:\/\/pasaenmendoza.com\/index.php?rest_route=\/wp\/v2\/posts"}],"about":[{"href":"https:\/\/pasaenmendoza.com\/index.php?rest_route=\/wp\/v2\/types\/post"}],"author":[{"embeddable":true,"href":"https:\/\/pasaenmendoza.com\/index.php?rest_route=\/wp\/v2\/users\/2"}],"replies":[{"embeddable":true,"href":"https:\/\/pasaenmendoza.com\/index.php?rest_route=%2Fwp%2Fv2%2Fcomments&post=15594"}],"version-history":[{"count":1,"href":"https:\/\/pasaenmendoza.com\/index.php?rest_route=\/wp\/v2\/posts\/15594\/revisions"}],"predecessor-version":[{"id":15596,"href":"https:\/\/pasaenmendoza.com\/index.php?rest_route=\/wp\/v2\/posts\/15594\/revisions\/15596"}],"wp:featuredmedia":[{"embeddable":true,"href":"https:\/\/pasaenmendoza.com\/index.php?rest_route=\/wp\/v2\/media\/15595"}],"wp:attachment":[{"href":"https:\/\/pasaenmendoza.com\/index.php?rest_route=%2Fwp%2Fv2%2Fmedia&parent=15594"}],"wp:term":[{"taxonomy":"category","embeddable":true,"href":"https:\/\/pasaenmendoza.com\/index.php?rest_route=%2Fwp%2Fv2%2Fcategories&post=15594"},{"taxonomy":"post_tag","embeddable":true,"href":"https:\/\/pasaenmendoza.com\/index.php?rest_route=%2Fwp%2Fv2%2Ftags&post=15594"}],"curies":[{"name":"wp","href":"https:\/\/api.w.org\/{rel}","templated":true}]}}