{"id":1560,"date":"2023-09-19T15:15:36","date_gmt":"2023-09-19T13:15:36","guid":{"rendered":"https:\/\/pasaenmendoza.com\/?p=1560"},"modified":"2023-09-19T15:15:37","modified_gmt":"2023-09-19T13:15:37","slug":"premios-raices-estos-fueron-los-mendocinos-que-se-destacaron-durante-2023","status":"publish","type":"post","link":"https:\/\/pasaenmendoza.com\/?p=1560","title":{"rendered":"Premios Ra\u00edces: estos fueron los mendocinos que se destacaron durante 2023"},"content":{"rendered":"\n<p>La&nbsp;<strong>Radio LVDiez<\/strong>&nbsp;cumpli\u00f3 92 a\u00f1os y como parte de su historia reconoci\u00f3 la labor de los mendocinos que se destacaron en diferentes \u00e1reas con la entrega de los&nbsp;<strong>Premios Ra\u00edces<\/strong>.<\/p>\n\n\n\n<p>La ceremonia se realiz\u00f3 en la Nave de la\u00a0<strong>UNCuyo<\/strong>\u00a0y tuvo la actuaci\u00f3n del pianista Luciano Gobi, el artista que semanas atr\u00e1s fue protagonista del programa Got Talent Argentina que se emite por\u00a0<strong>Canal 9 Televida<\/strong>.<\/p>\n\n\n\n<p>La gala tambi\u00e9n cont\u00f3 con la performance del Coro Universitario dirigido por Silvana Vallesi, del Ballet y el Vivero de la UNCuyo.<\/p>\n\n\n\n<p>La presidenta del directorio de Radio de Cuyo,&nbsp;<em>Silvina Alonso<\/em>, expres\u00f3 que \u201c<em>estamos cumpliendo 92 a\u00f1os en el aire. La radio sigue tendiendo puntos fuertes a su favor. Es un medio al que tiene acceso la mayor parte de su poblaci\u00f3n, llega a todos los lugares del mundo<\/em>\u201c.<\/p>\n\n\n\n<p>Alonso tambi\u00e9n remarc\u00f3 que \u201c<em>en nuestra radio hay espacio para opinar y dialogar. Estar debidamente informados nos hace m\u00e1s libres<\/em>\u201c.<\/p>\n\n\n\n<p>\u201c<em>La LVDiez sigue cumpliendo a\u00f1os, sigue creciendo, pero nunca olvidar\u00e1 su esencia, que es estar al servicio de los mendocinos<\/em>\u201c, dijo la presidente del directorio de la radio y agradeci\u00f3 a los ternados por su dedicaci\u00f3n en sus distintos \u00e1mbitos. \u201c<em>Personas como ustedes es donde ponemos nuestra esperanza. Estos premios son el reconocimiento a su esfuerzo diario<\/em>\u201c, recalc\u00f3.<\/p>\n\n\n\n<p>Por \u00faltimo, Alonso tambi\u00e9n hizo referencia a la importancia de las elecciones y dio un mensaje a la dirigencia pol\u00edtica. \u201c<em>Les pedimos que dejen de lado los ego\u00edsmos, para que Argentina sea el pa\u00eds que todos queremos<\/em>\u201c, concluy\u00f3.<\/p>\n\n\n\n<p>En la terna\u00a0<strong>Investigaci\u00f3n Cient\u00edfica y T\u00e9cnica<\/strong>, la estatuilla se la llev\u00f3 el equipo que conforma el\u00a0<strong>Servicio de cirug\u00eda cardiovascular infantil del hospital Humberto Notti<\/strong>, encabezado por el doctor Daniel\u00a0<strong>\u00a0<\/strong>Di Giusseppe.<\/p>\n\n\n\n<p>En\u00a0<strong>Deportes<\/strong>, la andinista y docente mendocina\u00a0<strong>Laura Horta<\/strong>\u00a0fue la consagrada en la terna, ya que luego de escalar el Aconcagua logr\u00f3 la cumbre del Manaslu a los 54 a\u00f1os, en el cord\u00f3n del Himalaya, la octava monta\u00f1a m\u00e1s alta del mundo con 8.163 metros de altura, en septiembre de 2022.<\/p>\n\n\n\n<p>En\u00a0<strong>Artes<\/strong>, la distinguida fue la artista pl\u00e1stica<strong>\u00a0Mariana Giordanengo<\/strong>. Alumna de maestros como Eliana Molinelli y Chalo Tuli\u00e1n, Mariana se encarg\u00f3, entre otras obras, de la remodelaci\u00f3n de los may\u00f3licas de Plaza Espa\u00f1a. Es una referente del mosaiquismo en la provincia.<\/p>\n\n\n\n<p>En\u00a0<strong>Labor Solidaria<\/strong>, la ong\u00a0<strong>Empate Mendoza<\/strong>\u00a0fue reconocida porque formaron la liga de F\u00fatbol para personas con S\u00edndrome Down impulsada por ADOM. Quien subi\u00f3 al escenario fue su representante,\u00a0<strong>Nadin Minuzzi<\/strong>.<\/p>\n\n\n\n<p><strong>Fuente: www.elsol.com.ar<\/strong><\/p>\n","protected":false},"excerpt":{"rendered":"<p>La&nbsp;Radio LVDiez&nbsp;cumpli\u00f3 92 a\u00f1os y como parte de su historia reconoci\u00f3 la labor de los mendocinos que se destacaron en diferentes \u00e1reas con la entrega de los&nbsp;Premios Ra\u00edces. La ceremonia se realiz\u00f3 en la Nave de la\u00a0UNCuyo\u00a0y tuvo la actuaci\u00f3n del pianista Luciano Gobi, el artista que semanas atr\u00e1s fue protagonista del programa Got Talent [&hellip;]<\/p>\n","protected":false},"author":2,"featured_media":1565,"comment_status":"open","ping_status":"open","sticky":false,"template":"","format":"standard","meta":[],"categories":[50],"tags":[],"_links":{"self":[{"href":"https:\/\/pasaenmendoza.com\/index.php?rest_route=\/wp\/v2\/posts\/1560"}],"collection":[{"href":"https:\/\/pasaenmendoza.com\/index.php?rest_route=\/wp\/v2\/posts"}],"about":[{"href":"https:\/\/pasaenmendoza.com\/index.php?rest_route=\/wp\/v2\/types\/post"}],"author":[{"embeddable":true,"href":"https:\/\/pasaenmendoza.com\/index.php?rest_route=\/wp\/v2\/users\/2"}],"replies":[{"embeddable":true,"href":"https:\/\/pasaenmendoza.com\/index.php?rest_route=%2Fwp%2Fv2%2Fcomments&post=1560"}],"version-history":[{"count":1,"href":"https:\/\/pasaenmendoza.com\/index.php?rest_route=\/wp\/v2\/posts\/1560\/revisions"}],"predecessor-version":[{"id":1566,"href":"https:\/\/pasaenmendoza.com\/index.php?rest_route=\/wp\/v2\/posts\/1560\/revisions\/1566"}],"wp:featuredmedia":[{"embeddable":true,"href":"https:\/\/pasaenmendoza.com\/index.php?rest_route=\/wp\/v2\/media\/1565"}],"wp:attachment":[{"href":"https:\/\/pasaenmendoza.com\/index.php?rest_route=%2Fwp%2Fv2%2Fmedia&parent=1560"}],"wp:term":[{"taxonomy":"category","embeddable":true,"href":"https:\/\/pasaenmendoza.com\/index.php?rest_route=%2Fwp%2Fv2%2Fcategories&post=1560"},{"taxonomy":"post_tag","embeddable":true,"href":"https:\/\/pasaenmendoza.com\/index.php?rest_route=%2Fwp%2Fv2%2Ftags&post=1560"}],"curies":[{"name":"wp","href":"https:\/\/api.w.org\/{rel}","templated":true}]}}