{"id":15600,"date":"2025-11-06T00:55:28","date_gmt":"2025-11-05T23:55:28","guid":{"rendered":"https:\/\/pasaenmendoza.com\/?p=15600"},"modified":"2025-11-06T00:55:29","modified_gmt":"2025-11-05T23:55:29","slug":"la-cgt-eligio-a-un-nuevo-triunvirato-para-su-conduccion-con-la-mira-en-combatir-la-reforma-laboral","status":"publish","type":"post","link":"https:\/\/pasaenmendoza.com\/?p=15600","title":{"rendered":"La CGT eligi\u00f3 a un nuevo triunvirato para su conducci\u00f3n con la mira en combatir la reforma laboral"},"content":{"rendered":"\n<p>La<strong>\u00a0CGT (Confederaci\u00f3n General del Trabajo)\u00a0<\/strong>vot\u00f3 este mi\u00e9rcoles al nuevo triunvirato de la central que estar\u00e1 compuesto por Jorge Sola (Seguro), Cristian Jer\u00f3nimo (Vidrio) y Octavio Arg\u00fcello (Camioneros). El oobjetivo central -dijeron- ser\u00e1 combatir la reforma laboral que impulsa Javier Milei.<\/p>\n\n\n\n<p>As\u00ed lo definieron los dirigentes en el congreso que se llev\u00f3 a cabo en el estadio Obras, donde tambi\u00e9n se eligi\u00f3 a Andr\u00e9s Rodr\u00edguez, de UPCN, como secretario adjunto, y a Osvaldo Lobato como secretario gremial.<\/p>\n\n\n\n<p>El congreso hab\u00eda sido presidido por H\u00e9ctor Daer, cosecretario general saliente, y tuvo como anfitri\u00f3n a Oscar Lingeri, de Obras Sanitarias, quien durante el momentos de los discursos expres\u00f3 que en la central \u201c<strong>no somos kukas ni comunistas, somos peronistas\u201d.<\/strong><\/p>\n\n\n\n<h2 class=\"wp-block-heading\">Barrionuevo y la UTA se fueron enojados<\/h2>\n\n\n\n<p>Antes de la votaci\u00f3n, el dirigente Luis Barrionuevo y el secretario general de la UTA, Roberto Fern\u00e1ndez, se retiraron disconformes con la decisi\u00f3n de la mayor\u00eda del comit\u00e9 central confederal elegir un nuevo triunvirato.<\/p>\n\n\n\n<p>Barrionuevo y otros gremios opositores a la conducci\u00f3n pujaban por volver a un unicato, con un solo secretario general en lugar de una mesa colegiada.<\/p>\n\n\n\n<p>Con un total de 1.639 votos y solo 35 en blanco -la UTA se retir\u00f3 antes pero se mantiene dentro de la CGT- los elegidos para reemplazar a los cosecretarios generales H\u00e9ctor Daer (Sanidad) y Carlos Acu\u00f1a (Estacioneros) fueron Cristian Jer\u00f3nimo (Vidrio) y Jorge Sola (Seguro). Por su parte, Octavio Arg\u00fcello (Camioneros), el \u00faltimo en arribar a la c\u00fapula tras el portazo de Pablo Moyano, permanecer\u00e1 en el cargo.<\/p>\n\n\n\n<p>La Secretar\u00eda de Relaciones Internacionales fue de nuevo para Gerardo Mart\u00ednez (UOCRA), en tanto que Daer tendr\u00e1 la Secretar\u00eda de Interior.<\/p>\n\n\n\n<p>La central se reuni\u00f3 temprano para elegira qui\u00e9nes la conducir\u00e1n durante el debate de reforma laboral que impulsa el gobierno de Javier Milei y que muchos sindicatos interpretan como una segura p\u00e9rdida de derechos.<\/p>\n\n\n\n<p>El objetivo del gobierno e nacional es conseguir su sanci\u00f3n en el transcurso del verano,\u00a0cuando asuma la nueva bancada violeta.<\/p>\n\n\n\n<p><strong>Fuente: www.diariouno.com.ar<\/strong><\/p>\n","protected":false},"excerpt":{"rendered":"<p>La\u00a0CGT (Confederaci\u00f3n General del Trabajo)\u00a0vot\u00f3 este mi\u00e9rcoles al nuevo triunvirato de la central que estar\u00e1 compuesto por Jorge Sola (Seguro), Cristian Jer\u00f3nimo (Vidrio) y Octavio Arg\u00fcello (Camioneros). El oobjetivo central -dijeron- ser\u00e1 combatir la reforma laboral que impulsa Javier Milei. As\u00ed lo definieron los dirigentes en el congreso que se llev\u00f3 a cabo en el [&hellip;]<\/p>\n","protected":false},"author":2,"featured_media":15601,"comment_status":"open","ping_status":"open","sticky":false,"template":"","format":"standard","meta":[],"categories":[47],"tags":[],"_links":{"self":[{"href":"https:\/\/pasaenmendoza.com\/index.php?rest_route=\/wp\/v2\/posts\/15600"}],"collection":[{"href":"https:\/\/pasaenmendoza.com\/index.php?rest_route=\/wp\/v2\/posts"}],"about":[{"href":"https:\/\/pasaenmendoza.com\/index.php?rest_route=\/wp\/v2\/types\/post"}],"author":[{"embeddable":true,"href":"https:\/\/pasaenmendoza.com\/index.php?rest_route=\/wp\/v2\/users\/2"}],"replies":[{"embeddable":true,"href":"https:\/\/pasaenmendoza.com\/index.php?rest_route=%2Fwp%2Fv2%2Fcomments&post=15600"}],"version-history":[{"count":1,"href":"https:\/\/pasaenmendoza.com\/index.php?rest_route=\/wp\/v2\/posts\/15600\/revisions"}],"predecessor-version":[{"id":15602,"href":"https:\/\/pasaenmendoza.com\/index.php?rest_route=\/wp\/v2\/posts\/15600\/revisions\/15602"}],"wp:featuredmedia":[{"embeddable":true,"href":"https:\/\/pasaenmendoza.com\/index.php?rest_route=\/wp\/v2\/media\/15601"}],"wp:attachment":[{"href":"https:\/\/pasaenmendoza.com\/index.php?rest_route=%2Fwp%2Fv2%2Fmedia&parent=15600"}],"wp:term":[{"taxonomy":"category","embeddable":true,"href":"https:\/\/pasaenmendoza.com\/index.php?rest_route=%2Fwp%2Fv2%2Fcategories&post=15600"},{"taxonomy":"post_tag","embeddable":true,"href":"https:\/\/pasaenmendoza.com\/index.php?rest_route=%2Fwp%2Fv2%2Ftags&post=15600"}],"curies":[{"name":"wp","href":"https:\/\/api.w.org\/{rel}","templated":true}]}}