{"id":15603,"date":"2025-11-06T00:58:31","date_gmt":"2025-11-05T23:58:31","guid":{"rendered":"https:\/\/pasaenmendoza.com\/?p=15603"},"modified":"2025-11-06T00:58:32","modified_gmt":"2025-11-05T23:58:32","slug":"ulpiano-suarez-encabezo-el-ranking-nacional-de-intendentes-con-mejor-imagen-en-argentina","status":"publish","type":"post","link":"https:\/\/pasaenmendoza.com\/?p=15603","title":{"rendered":"Ulpiano Suarez encabez\u00f3 el ranking nacional de intendentes con mejor imagen en Argentina"},"content":{"rendered":"\n<p>El intendente de la\u00a0<strong>Ciudad de Mendoza<\/strong>,\u00a0<strong>Ulpiano Suarez<\/strong>, volvi\u00f3 a destacarse a nivel nacional al liderar el\u00a0<strong>Ranking Federal de\u00a0Intendentes<\/strong>\u00a0elaborado por\u00a0<strong>CB Consultora Opini\u00f3n P\u00fablica<\/strong>. En el estudio correspondiente a\u00a0<strong>noviembre de 2025<\/strong>, el mandatario mendocino alcanz\u00f3 un\u00a0<strong>60,8% de\u00a0imagen positiva<\/strong>, ubic\u00e1ndose en el primer lugar entre los jefes comunales con mejor valoraci\u00f3n del pa\u00eds.<\/p>\n\n\n\n<p>El relevamiento, realizado entre el\u00a0<strong>1 y el 3 de noviembre<\/strong>\u00a0sobre\u00a0<strong>392 casos<\/strong>\u00a0en la capital mendocina, mostr\u00f3 que un\u00a0<strong>31,8%<\/strong>\u00a0de los consultados calific\u00f3 su gesti\u00f3n como \u201c<strong>muy buena<\/strong>\u201d y un\u00a0<strong>29%<\/strong>\u00a0como \u201c<strong>buena<\/strong>\u201d. Los resultados confirman el fuerte respaldo ciudadano hacia una\u00a0<strong>gesti\u00f3n moderna, cercana y eficiente<\/strong>, en un contexto marcado por la etapa\u00a0<strong>pos electoral<\/strong>.<\/p>\n\n\n\n<p><strong>Fuente: www.diariomendoza.com.ar<\/strong><\/p>\n","protected":false},"excerpt":{"rendered":"<p>El intendente de la\u00a0Ciudad de Mendoza,\u00a0Ulpiano Suarez, volvi\u00f3 a destacarse a nivel nacional al liderar el\u00a0Ranking Federal de\u00a0Intendentes\u00a0elaborado por\u00a0CB Consultora Opini\u00f3n P\u00fablica. En el estudio correspondiente a\u00a0noviembre de 2025, el mandatario mendocino alcanz\u00f3 un\u00a060,8% de\u00a0imagen positiva, ubic\u00e1ndose en el primer lugar entre los jefes comunales con mejor valoraci\u00f3n del pa\u00eds. El relevamiento, realizado entre el\u00a01 [&hellip;]<\/p>\n","protected":false},"author":2,"featured_media":15604,"comment_status":"open","ping_status":"open","sticky":false,"template":"","format":"standard","meta":[],"categories":[47],"tags":[],"_links":{"self":[{"href":"https:\/\/pasaenmendoza.com\/index.php?rest_route=\/wp\/v2\/posts\/15603"}],"collection":[{"href":"https:\/\/pasaenmendoza.com\/index.php?rest_route=\/wp\/v2\/posts"}],"about":[{"href":"https:\/\/pasaenmendoza.com\/index.php?rest_route=\/wp\/v2\/types\/post"}],"author":[{"embeddable":true,"href":"https:\/\/pasaenmendoza.com\/index.php?rest_route=\/wp\/v2\/users\/2"}],"replies":[{"embeddable":true,"href":"https:\/\/pasaenmendoza.com\/index.php?rest_route=%2Fwp%2Fv2%2Fcomments&post=15603"}],"version-history":[{"count":1,"href":"https:\/\/pasaenmendoza.com\/index.php?rest_route=\/wp\/v2\/posts\/15603\/revisions"}],"predecessor-version":[{"id":15605,"href":"https:\/\/pasaenmendoza.com\/index.php?rest_route=\/wp\/v2\/posts\/15603\/revisions\/15605"}],"wp:featuredmedia":[{"embeddable":true,"href":"https:\/\/pasaenmendoza.com\/index.php?rest_route=\/wp\/v2\/media\/15604"}],"wp:attachment":[{"href":"https:\/\/pasaenmendoza.com\/index.php?rest_route=%2Fwp%2Fv2%2Fmedia&parent=15603"}],"wp:term":[{"taxonomy":"category","embeddable":true,"href":"https:\/\/pasaenmendoza.com\/index.php?rest_route=%2Fwp%2Fv2%2Fcategories&post=15603"},{"taxonomy":"post_tag","embeddable":true,"href":"https:\/\/pasaenmendoza.com\/index.php?rest_route=%2Fwp%2Fv2%2Ftags&post=15603"}],"curies":[{"name":"wp","href":"https:\/\/api.w.org\/{rel}","templated":true}]}}