{"id":15606,"date":"2025-11-06T13:43:09","date_gmt":"2025-11-06T12:43:09","guid":{"rendered":"https:\/\/pasaenmendoza.com\/?p=15606"},"modified":"2025-11-06T13:43:15","modified_gmt":"2025-11-06T12:43:15","slug":"fuertes-tormentas-en-mendoza-estas-son-las-zonas-bajo-alerta-naranja","status":"publish","type":"post","link":"https:\/\/pasaenmendoza.com\/?p=15606","title":{"rendered":"Fuertes tormentas en Mendoza: estas son las zonas bajo alerta naranja"},"content":{"rendered":"\n<p>El\u00a0Servicio Meteorol\u00f3gico Nacional\u00a0emiti\u00f3 una\u00a0alerta naranja\u00a0por\u00a0<strong>tormentas con posible ca\u00edda de granizo para este jueves.\u00a0<\/strong>El fen\u00f3meno meteorol\u00f3gico impactar\u00e1 en gran parte del territorio provincial y se mantendr\u00e1 incluso hasta el viernes.<\/p>\n\n\n\n<p>El pron\u00f3stico del\u00a0<strong>Servicio Meteorol\u00f3gico Nacional anticipa la ocurrencia de tormentas fuertes<\/strong>, que podr\u00edan prolongarse hasta el viernes. Las mismas estar\u00e1n acompa\u00f1adas por abundantes lluvias en cortos per\u00edodos,\u00a0<strong>r\u00e1fagas de hasta 90 km\/h, actividad el\u00e9ctrica y granizo ocasional<\/strong>.\u00a0<em>\u201cSe prev\u00e9n valores de precipitaci\u00f3n acumulada entre 30 y 50 mm, que pueden ser superados en forma localizada\u201d<\/em>, destaca el comunicado del organismo nacional.<\/p>\n\n\n\n<h2 class=\"wp-block-heading\" id=\"h-cuales-seran-las-zonas-afectadas\">Cu\u00e1les ser\u00e1n las zonas afectadas<\/h2>\n\n\n\n<p>Desde Defensa Civil brindaron detalles de las zonas que ser\u00e1n afectadas por las tormentas durante toda la jornada. En el Sur de San Rafael, especialmente en \u00e1reas pr\u00f3ximas a Laguna Llancanelo y Malarg\u00fce, hay probabilidad de precipitaciones d\u00e9biles durante la ma\u00f1ana.<\/p>\n\n\n\n<p><em>\u201cA partir del mediod\u00eda, la nubosidad se desplazar\u00e1 hacia el Norte, afectando el oeste del Valle de Uco y posteriormente el oeste del Gran Mendoza, cerca de las 13 horas. Desde las 18 horas, se intensificar\u00e1n las precipitaciones en el Valle de Uco, extendi\u00e9ndose hacia la zona Este\u201d<\/em>, indicaron y agregaron:\u00a0<em><strong>\u201cCon el ingreso del viento Sur entre las 20 horas, se potenciar\u00e1 la convecci\u00f3n, generando tormentas en gran parte de la provincia.<\/strong>\u00a0<\/em><strong><em>No se descarta la ca\u00edda de granizo en el Valle de Uco y Zona Este, con probabilidades de tormentas importantes\u201d<\/em>.<\/strong><\/p>\n\n\n\n<p><strong>Fuente: www.elsol.com.ar<\/strong><\/p>\n","protected":false},"excerpt":{"rendered":"<p>El\u00a0Servicio Meteorol\u00f3gico Nacional\u00a0emiti\u00f3 una\u00a0alerta naranja\u00a0por\u00a0tormentas con posible ca\u00edda de granizo para este jueves.\u00a0El fen\u00f3meno meteorol\u00f3gico impactar\u00e1 en gran parte del territorio provincial y se mantendr\u00e1 incluso hasta el viernes. El pron\u00f3stico del\u00a0Servicio Meteorol\u00f3gico Nacional anticipa la ocurrencia de tormentas fuertes, que podr\u00edan prolongarse hasta el viernes. Las mismas estar\u00e1n acompa\u00f1adas por abundantes lluvias en cortos [&hellip;]<\/p>\n","protected":false},"author":2,"featured_media":15607,"comment_status":"open","ping_status":"open","sticky":false,"template":"","format":"standard","meta":[],"categories":[52],"tags":[],"_links":{"self":[{"href":"https:\/\/pasaenmendoza.com\/index.php?rest_route=\/wp\/v2\/posts\/15606"}],"collection":[{"href":"https:\/\/pasaenmendoza.com\/index.php?rest_route=\/wp\/v2\/posts"}],"about":[{"href":"https:\/\/pasaenmendoza.com\/index.php?rest_route=\/wp\/v2\/types\/post"}],"author":[{"embeddable":true,"href":"https:\/\/pasaenmendoza.com\/index.php?rest_route=\/wp\/v2\/users\/2"}],"replies":[{"embeddable":true,"href":"https:\/\/pasaenmendoza.com\/index.php?rest_route=%2Fwp%2Fv2%2Fcomments&post=15606"}],"version-history":[{"count":1,"href":"https:\/\/pasaenmendoza.com\/index.php?rest_route=\/wp\/v2\/posts\/15606\/revisions"}],"predecessor-version":[{"id":15608,"href":"https:\/\/pasaenmendoza.com\/index.php?rest_route=\/wp\/v2\/posts\/15606\/revisions\/15608"}],"wp:featuredmedia":[{"embeddable":true,"href":"https:\/\/pasaenmendoza.com\/index.php?rest_route=\/wp\/v2\/media\/15607"}],"wp:attachment":[{"href":"https:\/\/pasaenmendoza.com\/index.php?rest_route=%2Fwp%2Fv2%2Fmedia&parent=15606"}],"wp:term":[{"taxonomy":"category","embeddable":true,"href":"https:\/\/pasaenmendoza.com\/index.php?rest_route=%2Fwp%2Fv2%2Fcategories&post=15606"},{"taxonomy":"post_tag","embeddable":true,"href":"https:\/\/pasaenmendoza.com\/index.php?rest_route=%2Fwp%2Fv2%2Ftags&post=15606"}],"curies":[{"name":"wp","href":"https:\/\/api.w.org\/{rel}","templated":true}]}}