{"id":15619,"date":"2025-11-06T22:42:24","date_gmt":"2025-11-06T21:42:24","guid":{"rendered":"https:\/\/pasaenmendoza.com\/?p=15619"},"modified":"2025-11-06T22:42:25","modified_gmt":"2025-11-06T21:42:25","slug":"pasaron-a-sala-comun-al-chico-que-sobrevivio-al-accidente-del-parque-general-san-martin","status":"publish","type":"post","link":"https:\/\/pasaenmendoza.com\/?p=15619","title":{"rendered":"Pasaron a sala com\u00fan al chico que sobrevivi\u00f3 al accidente del Parque General San Mart\u00edn"},"content":{"rendered":"\n<p>Una buena noticia dentro de la tragedia que gener\u00f3 el\u00a0<strong>accidente<\/strong>\u00a0vial donde dos adolescentes fueron atropellados por una mujer mayor en las inmediaciones del\u00a0<strong>Parque<\/strong>\u00a0<strong>General San Mart\u00edn<\/strong>. El joven que sobrevivi\u00f3 al impacto del veh\u00edculo mejor\u00f3 su estado de salud y logr\u00f3 salir de la terapia intensiva donde se encontraba internado desde el s\u00e1bado pasado.<\/p>\n\n\n\n<p>Seg\u00fan confirmaron fuentes del Hospital Pedi\u00e1trico Humberto Notti, en las \u00faltimas horas el joven de 13 a\u00f1os despert\u00f3 del coma en que se encontraban desde el momento del&nbsp;<strong>accidente.<\/strong>&nbsp;No s\u00f3lo eso, sino que su estado de salud evolucion\u00f3 favorablemente, se encuentra estabilizado y fue&nbsp;<strong>trasladado a una sala com\u00fan<\/strong>.<\/p>\n\n\n\n<p>Adem\u00e1s de ser una buena noticia por su estado de salud, en los pr\u00f3ximos d\u00edas el adolescente podr\u00eda declarar en la causa penal y brindar m\u00e1s precisi\u00f3n sobre c\u00f3mo fue la mec\u00e1nica del\u00a0<strong>accidente<\/strong>\u00a0donde termin\u00f3 atropellado junto a su amigo,\u00a0<strong>Fausto Morcos<\/strong>\u00a0(13), quien perdi\u00f3 la vida.<\/p>\n\n\n\n<h2 class=\"wp-block-heading\">El accidente en la Quinta Secci\u00f3n<\/h2>\n\n\n\n<p>El tr\u00e1gico&nbsp;<strong>accidente<\/strong>&nbsp;ocurri\u00f3 en horas del mediod\u00eda del s\u00e1bado pasado en las inmediaciones del&nbsp;<strong>parque San Mart\u00edn<\/strong>. Seg\u00fan la primera reconstrucci\u00f3n del hecho, dos j\u00f3venes de 13 a\u00f1os se encontraban cruzando la calle Boulogne Sur Mer, a la altura del cruce con Clark. Lo hac\u00edan por la senda peatonal y en direcci\u00f3n al oeste, aprovechando que el sem\u00e1foro estaba en rojo y les daba el paso.<\/p>\n\n\n\n<p>Por motivos que hasta ahora no est\u00e1n claros, fueron impactados por un auto VW Up color blanco que pr\u00e1cticamente no fren\u00f3. La violencia del&nbsp;<strong>accidente<\/strong>&nbsp;fue tal que&nbsp;<strong>Fausto Morcos,<\/strong>&nbsp;jugador de futsal y estudiante del CUC, perdi\u00f3 la vida en el lugar del hecho por graves lesiones que sufri\u00f3 en su cabeza.<\/p>\n\n\n\n<p>El fiscal de Tr\u00e1nsito, Fernando Giunta, imput\u00f3 a la conductora Mar\u00eda Amelia Albina (82) por homicidio culposo agravado por cruzar un sem\u00e1foro en rojo y lesiones graves culposas. De esta forma, arriesga una potencial condena de entre\u00a0<strong>3 y 6 a\u00f1os de prisi\u00f3n<\/strong>. La mujer qued\u00f3 arrestada con prisi\u00f3n domiciliaria.<\/p>\n\n\n\n<p><strong>Fuente: www.diariouno.com.ar<\/strong><\/p>\n","protected":false},"excerpt":{"rendered":"<p>Una buena noticia dentro de la tragedia que gener\u00f3 el\u00a0accidente\u00a0vial donde dos adolescentes fueron atropellados por una mujer mayor en las inmediaciones del\u00a0Parque\u00a0General San Mart\u00edn. El joven que sobrevivi\u00f3 al impacto del veh\u00edculo mejor\u00f3 su estado de salud y logr\u00f3 salir de la terapia intensiva donde se encontraba internado desde el s\u00e1bado pasado. Seg\u00fan confirmaron [&hellip;]<\/p>\n","protected":false},"author":2,"featured_media":15620,"comment_status":"open","ping_status":"open","sticky":false,"template":"","format":"standard","meta":[],"categories":[48],"tags":[],"_links":{"self":[{"href":"https:\/\/pasaenmendoza.com\/index.php?rest_route=\/wp\/v2\/posts\/15619"}],"collection":[{"href":"https:\/\/pasaenmendoza.com\/index.php?rest_route=\/wp\/v2\/posts"}],"about":[{"href":"https:\/\/pasaenmendoza.com\/index.php?rest_route=\/wp\/v2\/types\/post"}],"author":[{"embeddable":true,"href":"https:\/\/pasaenmendoza.com\/index.php?rest_route=\/wp\/v2\/users\/2"}],"replies":[{"embeddable":true,"href":"https:\/\/pasaenmendoza.com\/index.php?rest_route=%2Fwp%2Fv2%2Fcomments&post=15619"}],"version-history":[{"count":1,"href":"https:\/\/pasaenmendoza.com\/index.php?rest_route=\/wp\/v2\/posts\/15619\/revisions"}],"predecessor-version":[{"id":15621,"href":"https:\/\/pasaenmendoza.com\/index.php?rest_route=\/wp\/v2\/posts\/15619\/revisions\/15621"}],"wp:featuredmedia":[{"embeddable":true,"href":"https:\/\/pasaenmendoza.com\/index.php?rest_route=\/wp\/v2\/media\/15620"}],"wp:attachment":[{"href":"https:\/\/pasaenmendoza.com\/index.php?rest_route=%2Fwp%2Fv2%2Fmedia&parent=15619"}],"wp:term":[{"taxonomy":"category","embeddable":true,"href":"https:\/\/pasaenmendoza.com\/index.php?rest_route=%2Fwp%2Fv2%2Fcategories&post=15619"},{"taxonomy":"post_tag","embeddable":true,"href":"https:\/\/pasaenmendoza.com\/index.php?rest_route=%2Fwp%2Fv2%2Ftags&post=15619"}],"curies":[{"name":"wp","href":"https:\/\/api.w.org\/{rel}","templated":true}]}}