{"id":1562,"date":"2023-09-19T15:14:05","date_gmt":"2023-09-19T13:14:05","guid":{"rendered":"https:\/\/pasaenmendoza.com\/?p=1562"},"modified":"2023-09-19T15:14:06","modified_gmt":"2023-09-19T13:14:06","slug":"un-hombre-cayo-de-una-escalera-en-un-barrio-privado-y-esta-grave","status":"publish","type":"post","link":"https:\/\/pasaenmendoza.com\/?p=1562","title":{"rendered":"Un hombre cay\u00f3 de una escalera en un barrio privado y est\u00e1 grave"},"content":{"rendered":"\n<p>Este lunes por la tarde, un polic\u00eda retirado de\u00a0<strong>Jun\u00edn<\/strong>\u00a0sufri\u00f3 una ca\u00edda mientras pintaba su casa. El grave\u00a0<strong>accidente<\/strong>\u00a0le caus\u00f3 un fuerte golpe en la cabeza, y el hombre est\u00e1 peleando por su vida en el Hospital El Carmen.<\/p>\n\n\n\n<p>El hecho sucedi\u00f3 en el barrio privado El Prado, en los Los Barriales, de acuerdo a lo informado por fuentes policiales. Juan Antonio C\u00e1rdenas, de 61 a\u00f1os, estaba realizando trabajos de pintura sobre una escalera. En ese momento, se cay\u00f3 y golpe\u00f3 su cabeza contra el piso, quedando inconsciente.<\/p>\n\n\n\n<p>C\u00e1rdenas fue trasladado al Hospital Perrupato y all\u00ed le diagnosticaron traumatismo encefalocraneano (TEC) grave por ca\u00edda en altura. Tambi\u00e9n determinaron alto riesgo de vida y lo derivaron al Hospital El Carmen.<\/p>\n\n\n\n<p><strong>Fuente: www.mendozapost.com<\/strong><\/p>\n","protected":false},"excerpt":{"rendered":"<p>Este lunes por la tarde, un polic\u00eda retirado de\u00a0Jun\u00edn\u00a0sufri\u00f3 una ca\u00edda mientras pintaba su casa. El grave\u00a0accidente\u00a0le caus\u00f3 un fuerte golpe en la cabeza, y el hombre est\u00e1 peleando por su vida en el Hospital El Carmen. El hecho sucedi\u00f3 en el barrio privado El Prado, en los Los Barriales, de acuerdo a lo informado [&hellip;]<\/p>\n","protected":false},"author":2,"featured_media":1563,"comment_status":"open","ping_status":"open","sticky":false,"template":"","format":"standard","meta":[],"categories":[48],"tags":[],"_links":{"self":[{"href":"https:\/\/pasaenmendoza.com\/index.php?rest_route=\/wp\/v2\/posts\/1562"}],"collection":[{"href":"https:\/\/pasaenmendoza.com\/index.php?rest_route=\/wp\/v2\/posts"}],"about":[{"href":"https:\/\/pasaenmendoza.com\/index.php?rest_route=\/wp\/v2\/types\/post"}],"author":[{"embeddable":true,"href":"https:\/\/pasaenmendoza.com\/index.php?rest_route=\/wp\/v2\/users\/2"}],"replies":[{"embeddable":true,"href":"https:\/\/pasaenmendoza.com\/index.php?rest_route=%2Fwp%2Fv2%2Fcomments&post=1562"}],"version-history":[{"count":1,"href":"https:\/\/pasaenmendoza.com\/index.php?rest_route=\/wp\/v2\/posts\/1562\/revisions"}],"predecessor-version":[{"id":1564,"href":"https:\/\/pasaenmendoza.com\/index.php?rest_route=\/wp\/v2\/posts\/1562\/revisions\/1564"}],"wp:featuredmedia":[{"embeddable":true,"href":"https:\/\/pasaenmendoza.com\/index.php?rest_route=\/wp\/v2\/media\/1563"}],"wp:attachment":[{"href":"https:\/\/pasaenmendoza.com\/index.php?rest_route=%2Fwp%2Fv2%2Fmedia&parent=1562"}],"wp:term":[{"taxonomy":"category","embeddable":true,"href":"https:\/\/pasaenmendoza.com\/index.php?rest_route=%2Fwp%2Fv2%2Fcategories&post=1562"},{"taxonomy":"post_tag","embeddable":true,"href":"https:\/\/pasaenmendoza.com\/index.php?rest_route=%2Fwp%2Fv2%2Ftags&post=1562"}],"curies":[{"name":"wp","href":"https:\/\/api.w.org\/{rel}","templated":true}]}}