{"id":15622,"date":"2025-11-06T22:45:40","date_gmt":"2025-11-06T21:45:40","guid":{"rendered":"https:\/\/pasaenmendoza.com\/?p=15622"},"modified":"2025-11-06T22:45:42","modified_gmt":"2025-11-06T21:45:42","slug":"el-pronostico-meteorologico-en-el-paso-a-chile-muestra-nevadas-hasta-el-martes","status":"publish","type":"post","link":"https:\/\/pasaenmendoza.com\/?p=15622","title":{"rendered":"El pron\u00f3stico meteorol\u00f3gico en el paso a Chile muestra nevadas hasta el martes"},"content":{"rendered":"\n<p>Desde este jueves y hasta el martes pr\u00f3ximo, las condiciones del tiempo en el\u00a0<strong>Paso Cristo Redentor<\/strong>\u00a0no ser\u00e1n las \u00f3ptimas para cruzar a Chile. Por el momento, el\u00a0<strong>t\u00fanel internacional<\/strong>\u00a0permanece cerrado y las autoridades del corredor bioce\u00e1nico adelantaron que a\u00fan no se define si este viernes lo habilitar\u00e1n.<\/p>\n\n\n\n<p>Lo que pudo saberse a trav\u00e9s del pron\u00f3stico extendido del portal clim\u00e1tico Meteored, es que desde el s\u00e1bado 8 hasta el martes 11 de noviembre habr\u00e1 nevadas en la localidad de<strong>&nbsp;Las Cuevas<\/strong>, pero no est\u00e1 definido si se podr\u00e1 cruzar igualmente la cordillera.<\/p>\n\n\n\n<p>Lo que tambi\u00e9n mostr\u00f3 el pron\u00f3stico es que las temperaturas de esos d\u00edas ser\u00e1n muy bajas: entre 1\u00b0C hasta -5\u00b0 de m\u00e1xima y entre -18\u00b0C y -12\u00b0C de m\u00ednimas.<\/p>\n\n\n\n<figure class=\"wp-block-image\" id=\"1724368-Libre-776544583_wrap\"><img decoding=\"async\" src=\"https:\/\/media.diariouno.com.ar\/p\/aff918cc70401131f6bdfc51e3e44c44\/adjuntos\/298\/imagenes\/009\/653\/0009653770\/1200x0\/smart\/pronostico-extendido-alta-montana.JPG\" alt=\"\" title=\"\"\/><\/figure>\n\n\n\n<h2 class=\"wp-block-heading\">No hay alerta meteorol\u00f3gica en la cordillera<\/h2>\n\n\n\n<p>Seg\u00fan los<strong>&nbsp;informes del tiempo en la alta monta\u00f1a<\/strong>, si bien existe la posibilidad de nevadas y r\u00e1fagas de viento en la zona del&nbsp;<strong>t\u00fanel internacional<\/strong>&nbsp;-lo que podr\u00eda afectar un poco la visibilidad y generar acumulaci\u00f3n de hielo en el asfalto- no llegar\u00e1n a ser de gran magnitud, por lo que no hay alerta meteorol\u00f3gica, como en otros sectores de la provincia por fuertes lluvias y granizo.<\/p>\n\n\n\n<p>Las autoridades aclararon que durante la jornada se evaluar\u00e1 la&nbsp;<strong>evoluci\u00f3n&nbsp;<\/strong>del tiempo para determinar si es posible reabrir el paso en las pr\u00f3ximas horas o si el cierre se extender\u00e1.<\/p>\n\n\n\n<h2 class=\"wp-block-heading\">C\u00f3mo averiguar si el t\u00fanel estar\u00e1 habilitado<\/h2>\n\n\n\n<p>Autoridades del paso recomendaron a quienes planean viajar hacia\u00a0<strong>Chile\u00a0<\/strong>o regresar a la Argentina verificar el estado del\u00a0<strong>paso internacional<\/strong>\u00a0antes de iniciar el trayecto. La informaci\u00f3n actualizada se publica en el\u00a0sitio oficial del paso fronterizo\u00a0y en las cuentas de redes sociales de las fuerzas de seguridad.<\/p>\n\n\n\n<p>El cierre del\u00a0<strong>Cristo Redentor\u00a0<\/strong>afecta tanto a veh\u00edculos particulares como a transportes de carga y pasajeros.<\/p>\n\n\n\n<p><strong>Fuente: www.diariouno.com.ar<\/strong><\/p>\n","protected":false},"excerpt":{"rendered":"<p>Desde este jueves y hasta el martes pr\u00f3ximo, las condiciones del tiempo en el\u00a0Paso Cristo Redentor\u00a0no ser\u00e1n las \u00f3ptimas para cruzar a Chile. Por el momento, el\u00a0t\u00fanel internacional\u00a0permanece cerrado y las autoridades del corredor bioce\u00e1nico adelantaron que a\u00fan no se define si este viernes lo habilitar\u00e1n. Lo que pudo saberse a trav\u00e9s del pron\u00f3stico extendido [&hellip;]<\/p>\n","protected":false},"author":2,"featured_media":15623,"comment_status":"open","ping_status":"open","sticky":false,"template":"","format":"standard","meta":[],"categories":[66],"tags":[],"_links":{"self":[{"href":"https:\/\/pasaenmendoza.com\/index.php?rest_route=\/wp\/v2\/posts\/15622"}],"collection":[{"href":"https:\/\/pasaenmendoza.com\/index.php?rest_route=\/wp\/v2\/posts"}],"about":[{"href":"https:\/\/pasaenmendoza.com\/index.php?rest_route=\/wp\/v2\/types\/post"}],"author":[{"embeddable":true,"href":"https:\/\/pasaenmendoza.com\/index.php?rest_route=\/wp\/v2\/users\/2"}],"replies":[{"embeddable":true,"href":"https:\/\/pasaenmendoza.com\/index.php?rest_route=%2Fwp%2Fv2%2Fcomments&post=15622"}],"version-history":[{"count":1,"href":"https:\/\/pasaenmendoza.com\/index.php?rest_route=\/wp\/v2\/posts\/15622\/revisions"}],"predecessor-version":[{"id":15624,"href":"https:\/\/pasaenmendoza.com\/index.php?rest_route=\/wp\/v2\/posts\/15622\/revisions\/15624"}],"wp:featuredmedia":[{"embeddable":true,"href":"https:\/\/pasaenmendoza.com\/index.php?rest_route=\/wp\/v2\/media\/15623"}],"wp:attachment":[{"href":"https:\/\/pasaenmendoza.com\/index.php?rest_route=%2Fwp%2Fv2%2Fmedia&parent=15622"}],"wp:term":[{"taxonomy":"category","embeddable":true,"href":"https:\/\/pasaenmendoza.com\/index.php?rest_route=%2Fwp%2Fv2%2Fcategories&post=15622"},{"taxonomy":"post_tag","embeddable":true,"href":"https:\/\/pasaenmendoza.com\/index.php?rest_route=%2Fwp%2Fv2%2Ftags&post=15622"}],"curies":[{"name":"wp","href":"https:\/\/api.w.org\/{rel}","templated":true}]}}