{"id":15625,"date":"2025-11-06T22:48:20","date_gmt":"2025-11-06T21:48:20","guid":{"rendered":"https:\/\/pasaenmendoza.com\/?p=15625"},"modified":"2025-11-06T22:48:21","modified_gmt":"2025-11-06T21:48:21","slug":"intensa-lluvia-y-caida-de-granizo-sorprendieron-al-gran-mendoza-el-este-y-el-valle-de-uco","status":"publish","type":"post","link":"https:\/\/pasaenmendoza.com\/?p=15625","title":{"rendered":"Intensa lluvia y ca\u00edda de granizo sorprendieron al Gran Mendoza, el Este y el Valle de Uco"},"content":{"rendered":"\n<p><strong>El\u00a0Servicio Meteorol\u00f3gico Nacional (SMN)<\/strong>\u00a0emiti\u00f3\u00a0<strong>alertas naranja y amarilla<\/strong>\u00a0por\u00a0<strong>tormentas severas<\/strong>\u00a0que afectan a distintos sectores de la provincia. Durante la tarde, una\u00a0<strong>intensa\u00a0lluvia<\/strong>\u00a0\u00a0sorprendi\u00f3 a los vecinos del\u00a0<strong>Gran Mendoza<\/strong>, mientras las\u00a0<strong>precipitaciones<\/strong>\u00a0acompa\u00f1adas de\u00a0<strong>granizo peque\u00f1o,\u00a0<\/strong>tambi\u00e9n se extendieron hacia el\u00a0<strong>Este<\/strong>\u00a0y el\u00a0<strong>Valle de Uco.<\/strong><\/p>\n\n\n\n<p>Las im\u00e1genes registradas muestran calles completamente anegadas, veh\u00edculos deteni\u00e9ndose ante las\u00a0<strong>fuertes precipitaciones.<\/strong>\u00a0Seg\u00fan el\u00a0<strong>SMN<\/strong>, se esperan nuevas\u00a0<strong>tormentas de variada intensidad<\/strong>\u00a0en las pr\u00f3ximas horas, con condiciones que podr\u00edan mantenerse\u00a0<strong>inestables durante la noche<\/strong>.<\/p>\n\n\n\n<p>La\u00a0<strong>alerta naranja<\/strong>\u00a0rige para el\u00a0<strong>Gran Mendoza<\/strong>, el\u00a0<strong>Valle de Uco<\/strong>,\u00a0<strong>San Rafael<\/strong>,\u00a0<strong>General Alvear<\/strong>\u00a0y la\u00a0<strong>zona Este<\/strong>, donde podr\u00edan registrarse\u00a0<strong>precipitaciones abundantes en cortos per\u00edodos<\/strong>, con\u00a0<strong>acumulados de entre 30 y 50 mil\u00edmetros<\/strong>\u00a0y\u00a0<strong>r\u00e1fagas superiores a los 90 km\/h<\/strong>. En tanto, la\u00a0<strong>alerta amarilla<\/strong>\u00a0abarca el\u00a0<strong>departamento de Malarg\u00fce<\/strong>, con\u00a0<strong>tormentas aisladas<\/strong>\u00a0que podr\u00edan presentarse\u00a0<strong>localmente fuertes<\/strong>, acompa\u00f1adas por\u00a0<strong>granizo<\/strong>\u00a0y\u00a0<strong>vientos de hasta 70 km\/h<\/strong>.<\/p>\n\n\n\n<p>El organismo nacional recomend\u00f3&nbsp;<strong>extremar precauciones<\/strong>, evitar&nbsp;<strong>actividades al aire libre<\/strong>&nbsp;y mantenerse atentos ante posibles&nbsp;<strong>anegamientos<\/strong>&nbsp;o&nbsp;<strong>ca\u00edda de ramas y objetos<\/strong>. Tambi\u00e9n sugiri\u00f3 seguir los reportes en los&nbsp;<strong>canales oficiales del SMN<\/strong>&nbsp;ante la posibilidad de nuevas&nbsp;<strong>tormentas severas<\/strong>.<\/p>\n\n\n\n<p>Se difundieron numerosos videos que reflejan la magnitud del fen\u00f3meno:\u00a0<strong>la intensa lluvia<\/strong>\u00a0cubriendo las calles, el\u00a0<strong>granizo golpeando los techos<\/strong>\u00a0y la\u00a0<strong>visibilidad reducida<\/strong>\u00a0en distintos puntos del\u00a0<strong>Gran Mendoza<\/strong>, el\u00a0<strong>Este<\/strong>\u00a0y el\u00a0<strong>Valle de Uco<\/strong>.<\/p>\n\n\n\n<p><strong>Fuente: www.diariomendoza.com.ar<\/strong><\/p>\n","protected":false},"excerpt":{"rendered":"<p>El\u00a0Servicio Meteorol\u00f3gico Nacional (SMN)\u00a0emiti\u00f3\u00a0alertas naranja y amarilla\u00a0por\u00a0tormentas severas\u00a0que afectan a distintos sectores de la provincia. Durante la tarde, una\u00a0intensa\u00a0lluvia\u00a0\u00a0sorprendi\u00f3 a los vecinos del\u00a0Gran Mendoza, mientras las\u00a0precipitaciones\u00a0acompa\u00f1adas de\u00a0granizo peque\u00f1o,\u00a0tambi\u00e9n se extendieron hacia el\u00a0Este\u00a0y el\u00a0Valle de Uco. Las im\u00e1genes registradas muestran calles completamente anegadas, veh\u00edculos deteni\u00e9ndose ante las\u00a0fuertes precipitaciones.\u00a0Seg\u00fan el\u00a0SMN, se esperan nuevas\u00a0tormentas de variada intensidad\u00a0en las [&hellip;]<\/p>\n","protected":false},"author":2,"featured_media":15626,"comment_status":"open","ping_status":"open","sticky":false,"template":"","format":"standard","meta":[],"categories":[52],"tags":[],"_links":{"self":[{"href":"https:\/\/pasaenmendoza.com\/index.php?rest_route=\/wp\/v2\/posts\/15625"}],"collection":[{"href":"https:\/\/pasaenmendoza.com\/index.php?rest_route=\/wp\/v2\/posts"}],"about":[{"href":"https:\/\/pasaenmendoza.com\/index.php?rest_route=\/wp\/v2\/types\/post"}],"author":[{"embeddable":true,"href":"https:\/\/pasaenmendoza.com\/index.php?rest_route=\/wp\/v2\/users\/2"}],"replies":[{"embeddable":true,"href":"https:\/\/pasaenmendoza.com\/index.php?rest_route=%2Fwp%2Fv2%2Fcomments&post=15625"}],"version-history":[{"count":1,"href":"https:\/\/pasaenmendoza.com\/index.php?rest_route=\/wp\/v2\/posts\/15625\/revisions"}],"predecessor-version":[{"id":15627,"href":"https:\/\/pasaenmendoza.com\/index.php?rest_route=\/wp\/v2\/posts\/15625\/revisions\/15627"}],"wp:featuredmedia":[{"embeddable":true,"href":"https:\/\/pasaenmendoza.com\/index.php?rest_route=\/wp\/v2\/media\/15626"}],"wp:attachment":[{"href":"https:\/\/pasaenmendoza.com\/index.php?rest_route=%2Fwp%2Fv2%2Fmedia&parent=15625"}],"wp:term":[{"taxonomy":"category","embeddable":true,"href":"https:\/\/pasaenmendoza.com\/index.php?rest_route=%2Fwp%2Fv2%2Fcategories&post=15625"},{"taxonomy":"post_tag","embeddable":true,"href":"https:\/\/pasaenmendoza.com\/index.php?rest_route=%2Fwp%2Fv2%2Ftags&post=15625"}],"curies":[{"name":"wp","href":"https:\/\/api.w.org\/{rel}","templated":true}]}}