{"id":15628,"date":"2025-11-06T23:02:02","date_gmt":"2025-11-06T22:02:02","guid":{"rendered":"https:\/\/pasaenmendoza.com\/?p=15628"},"modified":"2025-11-06T23:02:03","modified_gmt":"2025-11-06T22:02:03","slug":"mineria-el-gobierno-explico-como-distribuira-las-regalias-con-los-municipios","status":"publish","type":"post","link":"https:\/\/pasaenmendoza.com\/?p=15628","title":{"rendered":"Miner\u00eda: el Gobierno explic\u00f3 c\u00f3mo distribuir\u00e1 las regal\u00edas con los municipios"},"content":{"rendered":"\n<p>El tratamiento legislativo del&nbsp;<strong>proyecto de Ley de Regal\u00edas Mineras<\/strong>&nbsp;avanza en Mendoza. Luego de la presentaci\u00f3n formal que realiz\u00f3 la semana pasada la ministra de Energ\u00eda y Ambiente,<strong>&nbsp;Jimena Latorre<\/strong>, la iniciativa -junto a la propuesta que busca crear un&nbsp;<em>Fondo Compensaci\u00f3n Ambiental<\/em>\u2013 comenz\u00f3 a tratarse en el plenario de las comisiones que interviene.<\/p>\n\n\n\n<p>En ese sentido, el&nbsp;<strong>director de Miner\u00eda provincial, Jer\u00f3nimo Shantal<\/strong>, present\u00f3 ante m\u00e1s de 50 diputados y senadores presentes, los fundamentos t\u00e9cnicos y jur\u00eddicos del texto que impulsa el Ejecutivo.<\/p>\n\n\n\n<p>Durante su disertaci\u00f3n, el funcionario detall\u00f3 cu\u00e1les fueron las\u00a0<strong>fuentes nacionales e internacionales<\/strong>\u00a0que sirvieron de base para la redacci\u00f3n de la futura regulaci\u00f3n\u00a0<strong>de regal\u00edas mineras<\/strong>.<\/p>\n\n\n\n<p>Seg\u00fan explic\u00f3,&nbsp;<strong>se inspira en la Ley Nacional 24.196 de Inversiones Mineras<\/strong>, sancionada en 1993 y modificada en 1999, que establece un tope del&nbsp;<strong>3% del valor \u201cbocamina\u201d<\/strong>&nbsp;como m\u00e1ximo de regal\u00edas que pueden cobrar las provincias.<\/p>\n\n\n\n<p>A partir de ese marco, Mendoza tom\u00f3 como referencia las&nbsp;<strong>normas provinciales de San Juan, Salta, Catamarca y R\u00edo Negro<\/strong>, adem\u00e1s de incorporar&nbsp;<strong>modelos internacionales de pa\u00edses mineros como Australia, Canad\u00e1, Chile y Per\u00fa<\/strong>.<\/p>\n\n\n\n<p><em>\u201cBuscamos un r\u00e9gimen claro, equitativo y transparente. La ley nacional fija el techo del 3%, pero no indica c\u00f3mo se cobra ni c\u00f3mo se distribuye. Por eso es necesario contar con una ley especial que establezca un marco provincial propio\u201d<\/em>, sostuvo\u00a0<strong>Shantal<\/strong>.<\/p>\n\n\n\n<p>El&nbsp;<strong>director de Miner\u00eda&nbsp;<\/strong>precis\u00f3 que, en el plano internacional,&nbsp;<strong>Western Australia<\/strong>&nbsp;aplica regal\u00edas del&nbsp;<strong>5% sobre el valor de venta<\/strong>&nbsp;<strong>del concentrado de cobre<\/strong>, mientras que&nbsp;<strong>British Columbia (Canad\u00e1)<\/strong>&nbsp;utiliza un sistema de&nbsp;<strong>impuesto minero progresivo que llega al 13%<\/strong>. En tanto,&nbsp;<strong>Chile<\/strong>&nbsp;adopt\u00f3 recientemente un esquema basado en&nbsp;<strong>m\u00e1rgenes operativos<\/strong>&nbsp;\u2014con al\u00edcuotas que van del 1% en adelante seg\u00fan el volumen de ventas y un componente sobre el margen minero variable entre el 8% y el 26%\u2014.&nbsp;<strong>Per\u00fa<\/strong>, implementa un r\u00e9gimen similar al trasandino, de entre el&nbsp;<strong>1% y el 12%<\/strong>, dependiendo de la rentabilidad.<\/p>\n\n\n\n<p>En el contexto nacional,&nbsp;<strong>Mendoza busca replicar un modelo de distribuci\u00f3n similar al de los hidrocarburos<\/strong>. El proyecto propone que&nbsp;<strong>el 88% de los recursos ingresen a Rentas Generales y el 12% se destine al municipio donde se ubica el yacimiento<\/strong>.<\/p>\n\n\n\n<p>Dentro de ese 88%, un&nbsp;<strong>15% se afectar\u00e1 al Fondo Socioambiental<\/strong>, con el objetivo de financiar&nbsp;<strong>proyectos de desarrollo social, productivo y territorial<\/strong>, adem\u00e1s de fortalecer las tareas de&nbsp;<strong>monitoreo y control ambiental<\/strong>.<\/p>\n\n\n\n<p><strong>Shantal&nbsp;<\/strong>record\u00f3 que&nbsp;<strong>Mendoza<\/strong>, junto con&nbsp;<strong>Chubut y Neuqu\u00e9n<\/strong>, es una de las pocas provincias cordilleranas que a\u00fan no cuentan con una ley de regal\u00edas mineras.&nbsp;<strong><em>\u201cQueremos consolidar un esquema que brinde previsibilidad al sector y garantice transparencia en la distribuci\u00f3n de los recursos\u201d<\/em><\/strong>, afirm\u00f3.<\/p>\n\n\n\n<p>El funcionario tambi\u00e9n aclar\u00f3 que las&nbsp;<strong>minas de tercera categor\u00eda<\/strong>&nbsp;quedan excluidas del r\u00e9gimen de regal\u00edas, aunque en los casos en que se encuentren en terrenos de dominio estatal se prev\u00e9 un cobro por el&nbsp;<strong>uso de tierras p\u00fablicas<\/strong>, sin que eso se considere regal\u00eda.<\/p>\n\n\n\n<p><strong>Fuente: www.elsol.com.ar<\/strong><\/p>\n","protected":false},"excerpt":{"rendered":"<p>El tratamiento legislativo del&nbsp;proyecto de Ley de Regal\u00edas Mineras&nbsp;avanza en Mendoza. Luego de la presentaci\u00f3n formal que realiz\u00f3 la semana pasada la ministra de Energ\u00eda y Ambiente,&nbsp;Jimena Latorre, la iniciativa -junto a la propuesta que busca crear un&nbsp;Fondo Compensaci\u00f3n Ambiental\u2013 comenz\u00f3 a tratarse en el plenario de las comisiones que interviene. En ese sentido, el&nbsp;director [&hellip;]<\/p>\n","protected":false},"author":2,"featured_media":15629,"comment_status":"open","ping_status":"open","sticky":false,"template":"","format":"standard","meta":[],"categories":[116],"tags":[],"_links":{"self":[{"href":"https:\/\/pasaenmendoza.com\/index.php?rest_route=\/wp\/v2\/posts\/15628"}],"collection":[{"href":"https:\/\/pasaenmendoza.com\/index.php?rest_route=\/wp\/v2\/posts"}],"about":[{"href":"https:\/\/pasaenmendoza.com\/index.php?rest_route=\/wp\/v2\/types\/post"}],"author":[{"embeddable":true,"href":"https:\/\/pasaenmendoza.com\/index.php?rest_route=\/wp\/v2\/users\/2"}],"replies":[{"embeddable":true,"href":"https:\/\/pasaenmendoza.com\/index.php?rest_route=%2Fwp%2Fv2%2Fcomments&post=15628"}],"version-history":[{"count":1,"href":"https:\/\/pasaenmendoza.com\/index.php?rest_route=\/wp\/v2\/posts\/15628\/revisions"}],"predecessor-version":[{"id":15630,"href":"https:\/\/pasaenmendoza.com\/index.php?rest_route=\/wp\/v2\/posts\/15628\/revisions\/15630"}],"wp:featuredmedia":[{"embeddable":true,"href":"https:\/\/pasaenmendoza.com\/index.php?rest_route=\/wp\/v2\/media\/15629"}],"wp:attachment":[{"href":"https:\/\/pasaenmendoza.com\/index.php?rest_route=%2Fwp%2Fv2%2Fmedia&parent=15628"}],"wp:term":[{"taxonomy":"category","embeddable":true,"href":"https:\/\/pasaenmendoza.com\/index.php?rest_route=%2Fwp%2Fv2%2Fcategories&post=15628"},{"taxonomy":"post_tag","embeddable":true,"href":"https:\/\/pasaenmendoza.com\/index.php?rest_route=%2Fwp%2Fv2%2Ftags&post=15628"}],"curies":[{"name":"wp","href":"https:\/\/api.w.org\/{rel}","templated":true}]}}