{"id":15631,"date":"2025-11-08T00:04:42","date_gmt":"2025-11-07T23:04:42","guid":{"rendered":"https:\/\/pasaenmendoza.com\/?p=15631"},"modified":"2025-11-08T00:06:37","modified_gmt":"2025-11-07T23:06:37","slug":"con-lombardi-al-frente-y-dudas-sobre-el-rol-del-petrismo-la-ucr-define-su-rumbo-hacia-las-internas","status":"publish","type":"post","link":"https:\/\/pasaenmendoza.com\/?p=15631","title":{"rendered":"Con Lombardi al frente y dudas sobre el rol del petrismo, la UCR define su rumbo hacia las internas"},"content":{"rendered":"\n<p>La Uni\u00f3n C\u00edvica Radical (<strong>UCR<\/strong>) convoc\u00f3 a elecciones internas para el 14 de diciembre. Se especula con la continuidad de Andr\u00e9s Peti Lombardi al frente del partido y a\u00fan hay dudas sobre el papel que jugar\u00e1 el petrismo.<\/p>\n\n\n\n<p>La salida de&nbsp;<strong>Luis Petri<\/strong>&nbsp;del radicalismo, para afiliarse a La Libertad Avanza y liderar la lista de diputados nacionales del oficialismo, dej\u00f3 en una situaci\u00f3n inc\u00f3moda a los radicales que forman parte de su equipo, entre ellos, su hermana Griselda Petri.<\/p>\n\n\n\n<p>Petri es la actual vicepresidenta de la&nbsp;<strong>UCR<\/strong>&nbsp;de Mendoza y fue electa como diputada provincial en la alianza que conformaron Cambia Mendoza y La Libertad Avanza. Tanto ella como el resto de los petristas, muchos de ellos con un lugar en la futura Legislatura, permanecen dentro del radicalismo a pesar de la salida de su l\u00edder, el ministro de Defensa de la Naci\u00f3n.<\/p>\n\n\n\n<p>Ahora bien, pasadas cumplido el objetivo del frente electoral y con&nbsp;<strong>elecciones internas<\/strong>&nbsp;encima, la duda pasa por saber si se mantendr\u00e1 la uni\u00f3n entre&nbsp;<strong>radicales<\/strong>&nbsp;o si habr\u00e1 un \u00e9xodo de los&nbsp;<strong>petristas<\/strong>&nbsp;hacia el partido de Javier Milei.<\/p>\n\n\n\n<p>Para esa definici\u00f3n ser\u00e1 clave la semana que viene, en la que se espera una importante reuni\u00f3n entre l\u00edderes.<\/p>\n\n\n\n<p>Lo que cuentan desde adentro es que todos los sectores buscan mantener la unidad. Si fuere as\u00ed, estar\u00eda todo dado para la conformaci\u00f3n de una lista conjunta. Pero si en el reparto de autoridades afloran las mezquindades, el&nbsp;<strong>petrismo<\/strong>&nbsp;podr\u00eda interpretar el mensaje como un \u201cac\u00e1 no me quieren\u201d y saltar a LLA.<\/p>\n\n\n\n<h2 class=\"wp-block-heading\">Reuni\u00f3n clave de la UCR de cara a las elecciones internas<\/h2>\n\n\n\n<p>El encuentro entre&nbsp;<strong>cornejistas y petristas<\/strong>&nbsp;se dar\u00e1 la semana pr\u00f3xima. \u00bfPor qu\u00e9? Porque la convocatoria a las elecciones internas obliga a hacer la presentaci\u00f3n de las listas de candidatos al menos 30 d\u00edas antes de la fecha de los comicios, pautada para el 14 de diciembre. Es decir que solo hay tiempo hasta el viernes para la oficializaci\u00f3n ante la Junta Electoral de la&nbsp;<strong>UCR<\/strong>.<\/p>\n\n\n\n<p>Y en caso de que no haya acuerdo, \u00bfpodr\u00eda haber una lista oficialista y otra del&nbsp;<strong>petrismo<\/strong>&nbsp;que le compita en la interna? No. No hay ninguna chance \u2013al menos por ahora porque en pol\u00edtica todo puede cambiar-.<\/p>\n\n\n\n<p>Si no se da la lista de unidad queda abierta la puerta al&nbsp;<strong>\u00e9xodo de radicales a La Libertad Avanza<\/strong>, y con ello, la posibilidad de un panorama distinto ya no solo respecto del andar de la pr\u00f3xima Legislatura sino tambi\u00e9n de cara al inicio de las conversaciones por las elecciones municipales de febrero del 2026.<\/p>\n\n\n\n<p>De ah\u00ed la importancia de las definiciones de mediados de noviembre.<\/p>\n\n\n\n<p>De todas maneras, y m\u00e1s all\u00e1 de los escenarios posibles, por ahora las fichas est\u00e1n puestas en ratificar la continuidad de Andr\u00e9s Lombardi como presidente y mantener a la&nbsp;<strong>UCR<\/strong>&nbsp;unida, a pesar de la salida de Luis Petri.<\/p>\n\n\n\n<p><strong>Fuente: www.diariouno.com.ar<\/strong><\/p>\n","protected":false},"excerpt":{"rendered":"<p>La Uni\u00f3n C\u00edvica Radical (UCR) convoc\u00f3 a elecciones internas para el 14 de diciembre. Se especula con la continuidad de Andr\u00e9s Peti Lombardi al frente del partido y a\u00fan hay dudas sobre el papel que jugar\u00e1 el petrismo. La salida de&nbsp;Luis Petri&nbsp;del radicalismo, para afiliarse a La Libertad Avanza y liderar la lista de diputados [&hellip;]<\/p>\n","protected":false},"author":2,"featured_media":15634,"comment_status":"open","ping_status":"open","sticky":false,"template":"","format":"standard","meta":[],"categories":[47],"tags":[],"_links":{"self":[{"href":"https:\/\/pasaenmendoza.com\/index.php?rest_route=\/wp\/v2\/posts\/15631"}],"collection":[{"href":"https:\/\/pasaenmendoza.com\/index.php?rest_route=\/wp\/v2\/posts"}],"about":[{"href":"https:\/\/pasaenmendoza.com\/index.php?rest_route=\/wp\/v2\/types\/post"}],"author":[{"embeddable":true,"href":"https:\/\/pasaenmendoza.com\/index.php?rest_route=\/wp\/v2\/users\/2"}],"replies":[{"embeddable":true,"href":"https:\/\/pasaenmendoza.com\/index.php?rest_route=%2Fwp%2Fv2%2Fcomments&post=15631"}],"version-history":[{"count":2,"href":"https:\/\/pasaenmendoza.com\/index.php?rest_route=\/wp\/v2\/posts\/15631\/revisions"}],"predecessor-version":[{"id":15635,"href":"https:\/\/pasaenmendoza.com\/index.php?rest_route=\/wp\/v2\/posts\/15631\/revisions\/15635"}],"wp:featuredmedia":[{"embeddable":true,"href":"https:\/\/pasaenmendoza.com\/index.php?rest_route=\/wp\/v2\/media\/15634"}],"wp:attachment":[{"href":"https:\/\/pasaenmendoza.com\/index.php?rest_route=%2Fwp%2Fv2%2Fmedia&parent=15631"}],"wp:term":[{"taxonomy":"category","embeddable":true,"href":"https:\/\/pasaenmendoza.com\/index.php?rest_route=%2Fwp%2Fv2%2Fcategories&post=15631"},{"taxonomy":"post_tag","embeddable":true,"href":"https:\/\/pasaenmendoza.com\/index.php?rest_route=%2Fwp%2Fv2%2Ftags&post=15631"}],"curies":[{"name":"wp","href":"https:\/\/api.w.org\/{rel}","templated":true}]}}