{"id":15642,"date":"2025-11-08T00:23:16","date_gmt":"2025-11-07T23:23:16","guid":{"rendered":"https:\/\/pasaenmendoza.com\/?p=15642"},"modified":"2025-11-08T00:23:17","modified_gmt":"2025-11-07T23:23:17","slug":"el-metrotranvia-suma-nuevos-paradores-y-la-obra-de-extension-a-lujan-y-al-aeropuerto-supero-el-60","status":"publish","type":"post","link":"https:\/\/pasaenmendoza.com\/?p=15642","title":{"rendered":"El Metrotranv\u00eda suma nuevos paradores y la obra de extensi\u00f3n a Luj\u00e1n y al aeropuerto super\u00f3 el 60%"},"content":{"rendered":"\n<p>El proceso de modernizaci\u00f3n del&nbsp;<strong>Metrotranv\u00eda de Mendoza<\/strong>&nbsp;avanza con la incorporaci\u00f3n de nuevos paradores y la llegada de m\u00e1s unidades. En los \u00faltimos d\u00edas se habilitaron las estaciones&nbsp;<strong>Patricias Mendocinas<\/strong>, en Las Heras, e&nbsp;<strong>Independencia<\/strong>, en Godoy Cruz, lo que eleva a&nbsp;<strong>nueve<\/strong>&nbsp;el n\u00famero de paradores en funcionamiento dentro del sistema.<\/p>\n\n\n\n<p>Los nuevos espacios cuentan con&nbsp;<strong>sistemas de videovigilancia, control de acceso automatizado y preembarque cerrado<\/strong>, con el objetivo de mejorar la seguridad y el orden en el uso del transporte. Desde la&nbsp;<strong>Sociedad de Transporte de Mendoza (STM)<\/strong>&nbsp;anticiparon que en la pr\u00f3xima etapa se sumar\u00e1n c\u00e1maras con&nbsp;<strong>visi\u00f3n de inteligencia artificial<\/strong>&nbsp;conectadas al&nbsp;<strong>911<\/strong>, para colaborar con el monitoreo de las zonas y la detecci\u00f3n de personas con pedidos judiciales.<\/p>\n\n\n\n<p>En paralelo, contin\u00faan los trabajos en las estaciones&nbsp;<strong>Burgos<\/strong>&nbsp;(Las Heras) y&nbsp;<strong>9 de Julio<\/strong>&nbsp;(Godoy Cruz), que se sumar\u00e1n a las ya habilitadas en Ciudad y Godoy Cruz:&nbsp;<strong>Lugones, Rubilar, Moldes, Suipacha, Pellegrini y Progreso<\/strong>. En&nbsp;<strong>Maip\u00fa<\/strong>, se iniciaron obras en los paradores&nbsp;<strong>Maza, Piedra Buena y Alta Italia<\/strong>, lo que marca el comienzo de esta etapa en el sur del recorrido.<\/p>\n\n\n\n<p>Adem\u00e1s, la pr\u00f3xima semana llegar\u00e1n a la provincia&nbsp;<strong>tres nuevas duplas<\/strong>&nbsp;provenientes del&nbsp;<strong>sistema de transporte de San Diego (EE.UU.)<\/strong>, alcanzando&nbsp;<strong>27 unidades recibidas<\/strong>&nbsp;de las&nbsp;<strong>39<\/strong>&nbsp;previstas en el convenio entre la STM y la&nbsp;<strong>San Diego Metropolitan Transit System (MTS)<\/strong>. Estas formaciones ser\u00e1n destinadas a la&nbsp;<strong>ampliaci\u00f3n del servicio hacia Luj\u00e1n de Cuyo y el Aeropuerto El Plumerillo<\/strong>.<\/p>\n\n\n\n<p>Seg\u00fan los datos oficiales, la\u00a0<strong>obra de extensi\u00f3n del Metrotranv\u00eda<\/strong>\u00a0presenta un avance del\u00a0<strong>63%<\/strong>, superior al 39% previsto originalmente. Los trabajos incluyen el\u00a0<strong>tendido de v\u00edas, instalaci\u00f3n de catenarias, construcci\u00f3n de locales t\u00e9cnicos, paradores y subestaciones<\/strong>.<\/p>\n\n\n\n<p><strong>Fuente: www.elsol.com.ar<\/strong><\/p>\n","protected":false},"excerpt":{"rendered":"<p>El proceso de modernizaci\u00f3n del&nbsp;Metrotranv\u00eda de Mendoza&nbsp;avanza con la incorporaci\u00f3n de nuevos paradores y la llegada de m\u00e1s unidades. En los \u00faltimos d\u00edas se habilitaron las estaciones&nbsp;Patricias Mendocinas, en Las Heras, e&nbsp;Independencia, en Godoy Cruz, lo que eleva a&nbsp;nueve&nbsp;el n\u00famero de paradores en funcionamiento dentro del sistema. Los nuevos espacios cuentan con&nbsp;sistemas de videovigilancia, control [&hellip;]<\/p>\n","protected":false},"author":2,"featured_media":15643,"comment_status":"open","ping_status":"open","sticky":false,"template":"","format":"standard","meta":[],"categories":[80],"tags":[],"_links":{"self":[{"href":"https:\/\/pasaenmendoza.com\/index.php?rest_route=\/wp\/v2\/posts\/15642"}],"collection":[{"href":"https:\/\/pasaenmendoza.com\/index.php?rest_route=\/wp\/v2\/posts"}],"about":[{"href":"https:\/\/pasaenmendoza.com\/index.php?rest_route=\/wp\/v2\/types\/post"}],"author":[{"embeddable":true,"href":"https:\/\/pasaenmendoza.com\/index.php?rest_route=\/wp\/v2\/users\/2"}],"replies":[{"embeddable":true,"href":"https:\/\/pasaenmendoza.com\/index.php?rest_route=%2Fwp%2Fv2%2Fcomments&post=15642"}],"version-history":[{"count":1,"href":"https:\/\/pasaenmendoza.com\/index.php?rest_route=\/wp\/v2\/posts\/15642\/revisions"}],"predecessor-version":[{"id":15644,"href":"https:\/\/pasaenmendoza.com\/index.php?rest_route=\/wp\/v2\/posts\/15642\/revisions\/15644"}],"wp:featuredmedia":[{"embeddable":true,"href":"https:\/\/pasaenmendoza.com\/index.php?rest_route=\/wp\/v2\/media\/15643"}],"wp:attachment":[{"href":"https:\/\/pasaenmendoza.com\/index.php?rest_route=%2Fwp%2Fv2%2Fmedia&parent=15642"}],"wp:term":[{"taxonomy":"category","embeddable":true,"href":"https:\/\/pasaenmendoza.com\/index.php?rest_route=%2Fwp%2Fv2%2Fcategories&post=15642"},{"taxonomy":"post_tag","embeddable":true,"href":"https:\/\/pasaenmendoza.com\/index.php?rest_route=%2Fwp%2Fv2%2Ftags&post=15642"}],"curies":[{"name":"wp","href":"https:\/\/api.w.org\/{rel}","templated":true}]}}