{"id":15645,"date":"2025-11-10T13:51:22","date_gmt":"2025-11-10T12:51:22","guid":{"rendered":"https:\/\/pasaenmendoza.com\/?p=15645"},"modified":"2025-11-10T13:51:24","modified_gmt":"2025-11-10T12:51:24","slug":"el-tiempo-en-mendoza-para-este-lunes-inestable-con-tormentas-aisladas","status":"publish","type":"post","link":"https:\/\/pasaenmendoza.com\/?p=15645","title":{"rendered":"El tiempo en Mendoza para este lunes: inestable, con tormentas aisladas"},"content":{"rendered":"\n<p>La temperatura m\u00e1xima ser\u00e1 de 21 grados cent\u00edgrados, mientras que la m\u00ednima alcanzar\u00e1 los 13 grados cent\u00edgrados.<\/p>\n\n\n\n<p>El tiempo estar\u00e1 \u201cinestable con nubosidad variable y tormentas aisladas, poco cambio de la temperatura, vientos leves del noreste\u201d.<\/p>\n\n\n\n<p>El tiempo en alta monta\u00f1a: \u201cNevadas en cordillera\u201d.<\/p>\n\n\n\n<p>El martes sube la temperatura, pero se esperan tormentas. En tanto, el mi\u00e9rcoles ya mejoran las condiciones meterol\u00f3gicas.<\/p>\n\n\n\n<h2 class=\"wp-block-heading\" id=\"h-alerta-por-tormentas\">Alerta por tormentas<\/h2>\n\n\n\n<p>El Servicio Meteorol\u00f3gico Nacional lanz\u00f3 una advertencia en nivel amarillo para:<\/p>\n\n\n\n<ul>\n<li>General Alvear \u2013 Zona baja de San Rafael (noche)<\/li>\n\n\n\n<li>Zona baja de Malarg\u00fce (tarde)<\/li>\n<\/ul>\n\n\n\n<p>El \u00e1rea ser\u00e1 afectada por tormentas aisladas, algunas localmente fuertes. Las mismas podr\u00edan estar acompa\u00f1adas por abundantes lluvias en cortos per\u00edodos, ocasional granizo, r\u00e1fagas de hasta 70 kil\u00f3metros por hora y frecuente actividad el\u00e9ctrica.<br>Se prev\u00e9n valores de precipitaci\u00f3n acumulada entre 15 y 35 mil\u00edmetros, que pueden ser superados en forma puntual.<\/p>\n\n\n\n<p><strong>Fuente: www.elsol.com.ar<\/strong><\/p>\n","protected":false},"excerpt":{"rendered":"<p>La temperatura m\u00e1xima ser\u00e1 de 21 grados cent\u00edgrados, mientras que la m\u00ednima alcanzar\u00e1 los 13 grados cent\u00edgrados. El tiempo estar\u00e1 \u201cinestable con nubosidad variable y tormentas aisladas, poco cambio de la temperatura, vientos leves del noreste\u201d. El tiempo en alta monta\u00f1a: \u201cNevadas en cordillera\u201d. El martes sube la temperatura, pero se esperan tormentas. En tanto, [&hellip;]<\/p>\n","protected":false},"author":2,"featured_media":15646,"comment_status":"open","ping_status":"open","sticky":false,"template":"","format":"standard","meta":[],"categories":[52],"tags":[],"_links":{"self":[{"href":"https:\/\/pasaenmendoza.com\/index.php?rest_route=\/wp\/v2\/posts\/15645"}],"collection":[{"href":"https:\/\/pasaenmendoza.com\/index.php?rest_route=\/wp\/v2\/posts"}],"about":[{"href":"https:\/\/pasaenmendoza.com\/index.php?rest_route=\/wp\/v2\/types\/post"}],"author":[{"embeddable":true,"href":"https:\/\/pasaenmendoza.com\/index.php?rest_route=\/wp\/v2\/users\/2"}],"replies":[{"embeddable":true,"href":"https:\/\/pasaenmendoza.com\/index.php?rest_route=%2Fwp%2Fv2%2Fcomments&post=15645"}],"version-history":[{"count":1,"href":"https:\/\/pasaenmendoza.com\/index.php?rest_route=\/wp\/v2\/posts\/15645\/revisions"}],"predecessor-version":[{"id":15647,"href":"https:\/\/pasaenmendoza.com\/index.php?rest_route=\/wp\/v2\/posts\/15645\/revisions\/15647"}],"wp:featuredmedia":[{"embeddable":true,"href":"https:\/\/pasaenmendoza.com\/index.php?rest_route=\/wp\/v2\/media\/15646"}],"wp:attachment":[{"href":"https:\/\/pasaenmendoza.com\/index.php?rest_route=%2Fwp%2Fv2%2Fmedia&parent=15645"}],"wp:term":[{"taxonomy":"category","embeddable":true,"href":"https:\/\/pasaenmendoza.com\/index.php?rest_route=%2Fwp%2Fv2%2Fcategories&post=15645"},{"taxonomy":"post_tag","embeddable":true,"href":"https:\/\/pasaenmendoza.com\/index.php?rest_route=%2Fwp%2Fv2%2Ftags&post=15645"}],"curies":[{"name":"wp","href":"https:\/\/api.w.org\/{rel}","templated":true}]}}