{"id":15648,"date":"2025-11-10T13:57:56","date_gmt":"2025-11-10T12:57:56","guid":{"rendered":"https:\/\/pasaenmendoza.com\/?p=15648"},"modified":"2025-11-10T13:57:57","modified_gmt":"2025-11-10T12:57:57","slug":"asi-sera-la-vendimia-2026-fechas-nombre-y-protagonistas-del-show-en-el-frank-romero-day","status":"publish","type":"post","link":"https:\/\/pasaenmendoza.com\/?p=15648","title":{"rendered":"As\u00ed ser\u00e1 la Vendimia 2026: fechas, nombre y protagonistas del show en el Frank Romero Day"},"content":{"rendered":"\n<p>A poco m\u00e1s de tres meses, se empieza a palpitar la\u00a0<strong>Fiesta Nacional de la Vendimia 2026<\/strong>. La Subsecretar\u00eda de Cultura de Mendoza, anunci\u00f3 los ganadores del concurso p\u00fablico que eligi\u00f3 la propuesta art\u00edstica que\u00a0<strong>se presentar\u00e1 en el Teatro Griego Frank Romero Day los d\u00edas 7 y 8 de marzo del pr\u00f3ximo a\u00f1o.<\/strong><\/p>\n\n\n\n<p>El espect\u00e1culo titulado \u201c90 cosechas de una misma cepa\u201d estar\u00e1 bajo la direcci\u00f3n general de\u00a0<strong>Pablo Perri<\/strong>, con<em>\u00a0<\/em>gui\u00f3n de Silvia Graciela Moyano, quienes encabezaron el equipo n\u00famero 1, ganador del certamen. La puesta marcar\u00e1 un hito hist\u00f3rico:\u00a0<strong>los 90 a\u00f1os de la m\u00e1xima celebraci\u00f3n del vino y del trabajo mendocino.<\/strong><\/p>\n\n\n\n<p>Seg\u00fan explic\u00f3 el equipo art\u00edstico, el t\u00edtulo hace referencia a la continuidad y la memoria colectiva de los mendocinos.&nbsp;<em>\u201cUna cepa puede dar fruto durante d\u00e9cadas, y cada vendimia es una cosecha de esfuerzo, identidad y comunidad\u201d<\/em>, se\u00f1alaron los creadores en la sinopsis presentada.<\/p>\n\n\n\n<p>El gui\u00f3n promete una mirada emotiva sobre la historia de la fiesta, los oficios del vino y la uni\u00f3n de generaciones que han mantenido viva esta tradici\u00f3n.\u00a0<strong>La propuesta fue seleccionada por un jurado especializado tras evaluar m\u00faltiples proyectos.<\/strong><\/p>\n\n\n\n<p>Desde el Gobierno provincial destacaron que esta edici\u00f3n ser\u00e1\u00a0<strong>un homenaje a los artistas, trabajadores y vendimiadores<\/strong>\u00a0que han hecho posible casi un siglo de celebraciones. Adem\u00e1s, anticiparon que\u00a0<strong>la producci\u00f3n contar\u00e1 con una gran puesta t\u00e9cnica, efectos especiales, escenograf\u00eda innovadora y m\u00e1s de 1.000 artistas en escena.<\/strong><\/p>\n\n\n\n<h2 class=\"wp-block-heading\" id=\"h-el-equipo-ganador\">El equipo ganador<\/h2>\n\n\n\n<ul>\n<li>Autor del gui\u00f3n: Silvia Graciela Moyano<\/li>\n\n\n\n<li>Director General: Pablo Mariano Perri<\/li>\n\n\n\n<li>Direcci\u00f3n audiovisual: Gustavo Fabi\u00e1n Lenarduzzi<\/li>\n\n\n\n<li>Direcci\u00f3n coreogr\u00e1fica general: Graciela Adriana Ruiz<\/li>\n\n\n\n<li>Director en funciones: Javier Omar Falc\u00f3n<\/li>\n\n\n\n<li>Director musical: Julio Edgardo Figueroa<\/li>\n\n\n\n<li>Responsable de la idea escenogr\u00e1fica: Mar\u00eda Claudina Gomensoro<\/li>\n\n\n\n<li>Responsable de las cajas de iluminaci\u00f3n: Felipe Santiago Gerardi<\/li>\n\n\n\n<li>Director t\u00e9cnico: V\u00edctor Javier Carri\u00f3n<\/li>\n\n\n\n<li>Productor ejecutivo: Cristian Alejandro Arce<\/li>\n\n\n\n<li>Jefe de traspuntes: Sergio David \u00c1vila<\/li>\n\n\n\n<li>Responsable y dise\u00f1ador de iluminaci\u00f3n: Sergio Alfredo Ahumada<\/li>\n\n\n\n<li>Responsable y dise\u00f1ador de sonido: Pablo Andr\u00e9s Riquero<\/li>\n\n\n\n<li>Responsable en efectos especiales: Miguel \u00c1ngel Cassella<\/li>\n\n\n\n<li>Jefa de vestuario: Mar\u00eda Isabel Jaime<\/li>\n\n\n\n<li>Jefa en maquillaje: Sol Ayel\u00e9n Castillo Guti\u00e9rrez<\/li>\n\n\n\n<li>Responsable en utiler\u00eda menor y\/o mayor: Lucas Gustavo Grasso<\/li>\n\n\n\n<li>Subdirector audiovisual y productor: Walter Omar Sastre<\/li>\n\n\n\n<li>Director Coreogr\u00e1fico de Folklore (1): Leandro Agust\u00edn Morales<\/li>\n\n\n\n<li>Director Coreogr\u00e1fico de Folklore (2): Pablo Germ\u00e1n Fern\u00e1ndez<\/li>\n\n\n\n<li>Director coreogr\u00e1fico contempor\u00e1neo: Cristian Mart\u00edn Lara<\/li>\n\n\n\n<li>Asistencia de direcci\u00f3n: Silvina Vanesa Murcia<\/li>\n\n\n\n<li>Direcci\u00f3n orquestal: Alicia Mar\u00eda Pouzo<\/li>\n\n\n\n<li>Asistente de vestuario: Leila Romina \u00c1lvarez<\/li>\n\n\n\n<li>Responsable del vestuario especial: Lucas Ariel Alfonso<\/li>\n\n\n\n<li>Administrativa de vestuario: Stella Maris Vera<\/li>\n\n\n\n<li>Responsable del dise\u00f1o, realizaci\u00f3n y manipulaci\u00f3n de titiriteros: Lorena Mar\u00eda Pereyra.<\/li>\n<\/ul>\n\n\n\n<p><strong>Fuente: www.elsol.com.ar<\/strong><\/p>\n","protected":false},"excerpt":{"rendered":"<p>A poco m\u00e1s de tres meses, se empieza a palpitar la\u00a0Fiesta Nacional de la Vendimia 2026. La Subsecretar\u00eda de Cultura de Mendoza, anunci\u00f3 los ganadores del concurso p\u00fablico que eligi\u00f3 la propuesta art\u00edstica que\u00a0se presentar\u00e1 en el Teatro Griego Frank Romero Day los d\u00edas 7 y 8 de marzo del pr\u00f3ximo a\u00f1o. El espect\u00e1culo titulado [&hellip;]<\/p>\n","protected":false},"author":2,"featured_media":15649,"comment_status":"open","ping_status":"open","sticky":false,"template":"","format":"standard","meta":[],"categories":[74],"tags":[],"_links":{"self":[{"href":"https:\/\/pasaenmendoza.com\/index.php?rest_route=\/wp\/v2\/posts\/15648"}],"collection":[{"href":"https:\/\/pasaenmendoza.com\/index.php?rest_route=\/wp\/v2\/posts"}],"about":[{"href":"https:\/\/pasaenmendoza.com\/index.php?rest_route=\/wp\/v2\/types\/post"}],"author":[{"embeddable":true,"href":"https:\/\/pasaenmendoza.com\/index.php?rest_route=\/wp\/v2\/users\/2"}],"replies":[{"embeddable":true,"href":"https:\/\/pasaenmendoza.com\/index.php?rest_route=%2Fwp%2Fv2%2Fcomments&post=15648"}],"version-history":[{"count":1,"href":"https:\/\/pasaenmendoza.com\/index.php?rest_route=\/wp\/v2\/posts\/15648\/revisions"}],"predecessor-version":[{"id":15650,"href":"https:\/\/pasaenmendoza.com\/index.php?rest_route=\/wp\/v2\/posts\/15648\/revisions\/15650"}],"wp:featuredmedia":[{"embeddable":true,"href":"https:\/\/pasaenmendoza.com\/index.php?rest_route=\/wp\/v2\/media\/15649"}],"wp:attachment":[{"href":"https:\/\/pasaenmendoza.com\/index.php?rest_route=%2Fwp%2Fv2%2Fmedia&parent=15648"}],"wp:term":[{"taxonomy":"category","embeddable":true,"href":"https:\/\/pasaenmendoza.com\/index.php?rest_route=%2Fwp%2Fv2%2Fcategories&post=15648"},{"taxonomy":"post_tag","embeddable":true,"href":"https:\/\/pasaenmendoza.com\/index.php?rest_route=%2Fwp%2Fv2%2Ftags&post=15648"}],"curies":[{"name":"wp","href":"https:\/\/api.w.org\/{rel}","templated":true}]}}