{"id":15656,"date":"2025-11-10T22:52:05","date_gmt":"2025-11-10T21:52:05","guid":{"rendered":"https:\/\/pasaenmendoza.com\/?p=15656"},"modified":"2025-11-10T22:52:06","modified_gmt":"2025-11-10T21:52:06","slug":"la-90-edicion-de-la-fiesta-nacional-de-la-vendimia-ya-tiene-nombre-y-equipo-artistico-elegidos","status":"publish","type":"post","link":"https:\/\/pasaenmendoza.com\/?p=15656","title":{"rendered":"La 90\u00b0 edici\u00f3n de la Fiesta Nacional de la Vendimia ya tiene nombre y equipo art\u00edstico elegidos"},"content":{"rendered":"\n<p>Con el nombre\u00a0<strong>\u201c90 cosechas de una misma cepa\u201d<\/strong>, el equipo encabezado por\u00a0<strong>Pablo Perri<\/strong>\u00a0como director general y Silvia Graciela Moyano como guionista fue seleccionado mediante concurso p\u00fablico para realizar el\u00a0<strong>Acto Central de la Fiesta Nacional de la\u00a0Vendimia\u00a02026<\/strong>, que marcar\u00e1 los\u00a0<strong>90 a\u00f1os de historia<\/strong>\u00a0de la m\u00e1xima celebraci\u00f3n mendocina.<\/p>\n\n\n\n<p>El proceso de selecci\u00f3n fue impulsado por la Subsecretar\u00eda de Cultura, que tiene a&nbsp;<strong>Diego Gareca<\/strong>&nbsp;al frente, y tuvo a cuatro equipos art\u00edsticos como finalistas para los coloquios.<\/p>\n\n\n\n<p>La propuesta de Perri -identificada con el n\u00famero 1- se impuso frente a las de Rafael &#8220;Golondrina&#8221; Ruiz y Gaspar Emanuel Tello (\u201cVendimias al pie de los Andes\u201d), Gonzalo Palacios (\u201cCanto a Mendoza y la memoria del vino\u201d) y Vilma R\u00fapolo y Federico Ortega (\u201cVendimia de vino y cristal\u201d).<\/p>\n\n\n\n<p>Los coloquios decisivos de la&nbsp;<strong>Vendimia 2026<\/strong>&nbsp;se realizaron el domingo en el Espacio Cultural Julio Le Parc, donde el jurado, integrado por representantes de los distintos sectores art\u00edsticos, t\u00e9cnicos y acad\u00e9micos, deliber\u00f3 hasta definir al equipo responsable de la nueva puesta.<\/p>\n\n\n\n<p>El&nbsp;<strong>Acto Central<\/strong>&nbsp;se llevar\u00e1 a cabo en el Teatro Griego Frank Romero Day el s\u00e1bado 7 y domingo 8 de marzo de 2026, fecha en la que Mendoza celebrar\u00e1 sus nueve d\u00e9cadas de&nbsp;<strong>Vendimia<\/strong>&nbsp;como fiesta nacional.<\/p>\n\n\n\n<h2 class=\"wp-block-heading\">El equipo creativo detr\u00e1s de la Vendimia 2026<\/h2>\n\n\n\n<p>La direcci\u00f3n general estar\u00e1 a cargo de\u00a0<strong>Pablo Mariano Perri<\/strong>,\u00a0escen\u00f3grafo y docente de escuelas secundarias, quien ya hab\u00eda dirigido la\u00a0<strong>Vendimia Central 2024<\/strong>, titulada \u201cCoronados de historia y futuro\u201d.<\/p>\n\n\n\n<p>El guion es obra de&nbsp;<strong>Silvia Graciela Moyano<\/strong>, quien propone una mirada simb\u00f3lica y emocional sobre el paso del tiempo, la herencia y la identidad de los mendocinos a trav\u00e9s de este espect\u00e1culo de&nbsp;<strong>Vendimia<\/strong>.<\/p>\n\n\n\n<p>El equipo ganador est\u00e1 conformado por reconocidos profesionales de distintas disciplinas, ya que se trata de una obra \u00fanica en su g\u00e9nero que requiere de artistas y t\u00e9cnicos para conformar una estructura integral y multidisciplinaria que le de vida a la\u00a0<strong>fiesta vendimial<\/strong>.<\/p>\n\n\n\n<p>&#8220;Ser\u00e1 una\u00a0<strong>Vendimia<\/strong>\u00a0que rescate la idiosincrasia y la cultura de la gente mendocina, pero tambi\u00e9n tendr\u00e1 su toque de novedad&#8221;, anticip\u00f3 el director\u00a0<strong>Pablo Perri<\/strong>\u00a0al momento de presentar su proyecto este lunes en \u00e1rea de Cultura,\u00a0junto al subsecretario\u00a0<strong>Diego Gareca<\/strong>.<\/p>\n\n\n\n<p>Perri confes\u00f3 que este espect\u00e1culo empez\u00f3 a gestarlo ni bien concret\u00f3 la&nbsp;<strong>Vendimia 2024<\/strong>. Y, sin intenciones de &#8220;spoilearla&#8221;, adelant\u00f3 que el guion esta vez rescata &#8220;personajes muy importantes de la historia vendimial&#8221;.<\/p>\n\n\n\n<p>Entre los cargos destacados de&nbsp;<strong>&#8220;90 cosechas de una misma cepa&#8221;<\/strong>&nbsp;est\u00e1n:<\/p>\n\n\n\n<ul>\n<li><strong>Direcci\u00f3n audiovisual:<\/strong>&nbsp;Gustavo Fabi\u00e1n Lenarduzzi<\/li>\n\n\n\n<li><strong>Direcci\u00f3n coreogr\u00e1fica general:<\/strong>&nbsp;Graciela Adriana Ruiz<\/li>\n\n\n\n<li><strong>Director musical:<\/strong>&nbsp;Julio Edgardo Figueroa<\/li>\n\n\n\n<li><strong>Idea escenogr\u00e1fica:<\/strong>&nbsp;Mar\u00eda Claudina Gomensoro<\/li>\n\n\n\n<li><strong>Dise\u00f1o de iluminaci\u00f3n:<\/strong>&nbsp;Sergio Alfredo Ahumada<\/li>\n\n\n\n<li><strong>Direcci\u00f3n orquestal:<\/strong>&nbsp;Alicia Mar\u00eda Pouzo<\/li>\n\n\n\n<li><strong>Direcci\u00f3n t\u00e9cnica:<\/strong>&nbsp;V\u00edctor Javier Carri\u00f3n<\/li>\n\n\n\n<li><strong>Producci\u00f3n ejecutiva:<\/strong>&nbsp;Cristian Alejandro Arce<\/li>\n\n\n\n<li><strong>Vestuario:<\/strong>&nbsp;Mar\u00eda Isabel Jaime<\/li>\n\n\n\n<li><strong>Maquillaje:<\/strong>&nbsp;Sol Ayel\u00e9n Castillo Guti\u00e9rrez<\/li>\n\n\n\n<li><strong>Efectos especiales:<\/strong>&nbsp;Miguel \u00c1ngel Cassella<\/li>\n\n\n\n<li><strong>Direcci\u00f3n coreogr\u00e1fica folkl\u00f3rica:<\/strong>&nbsp;Leandro Agust\u00edn Morales y Pablo Germ\u00e1n Fern\u00e1ndez<\/li>\n\n\n\n<li><strong>Coreograf\u00eda contempor\u00e1nea:<\/strong>&nbsp;Cristian Mart\u00edn Lara<\/li>\n\n\n\n<li><strong>Direcci\u00f3n de actores y asistencia general:<\/strong>\u00a0Javier Omar Falc\u00f3n y Silvina Vanesa Murcia<\/li>\n<\/ul>\n\n\n\n<h2 class=\"wp-block-heading\">La cepa del pueblo como met\u00e1fora sobre el paso del tiempo<\/h2>\n\n\n\n<p>Seg\u00fan su sinopsis,&nbsp;<strong>\u201c90 cosechas de una misma cepa\u201d<\/strong>&nbsp;se apoya en una poderosa met\u00e1fora: la de una vid capaz de trascender generaciones, fortalecerse con el tiempo y multiplicar sus frutos a partir del trabajo y la unidad del pueblo.<\/p>\n\n\n\n<p>El relato se centra aqu\u00ed en dos creadores de esp\u00edritus e inspiradores que regresan para observar c\u00f3mo los sue\u00f1os de su gente se han vuelto realidad en medio de la&nbsp;<strong>Vendimia<\/strong>. Guiados por la memoria del viento, recorrer\u00e1n 90 cosechas simb\u00f3licas, entendiendo que el esfuerzo colectivo y la esperanza son &#8220;el riego indispensable para mantener viva la ra\u00edz mendocina&#8221;.<\/p>\n\n\n\n<p>El conflicto aparecer\u00e1 cuando surge &#8220;el olvido, enemigo silencioso que intenta vaciar las copas de la fe y la alegr\u00eda&#8221;. Ser\u00e1 entonces cuando los protagonistas, tras luchar contra esa amenaza, comprendan que su legado permanece firme en manos de un pueblo que sigue so\u00f1ando y\u00a0celebrando su identidad a trav\u00e9s del vino y del arte.<\/p>\n\n\n\n<h2 class=\"wp-block-heading\">Un jurado plural y representativo para elegir la Vendimia<\/h2>\n\n\n\n<p>El jurado que evalu\u00f3 las propuestas de esta&nbsp;<strong>Fiesta Nacional de la Vendimia 2026<\/strong>&nbsp;se conform\u00f3 de acuerdo con el art\u00edculo 50 de las bases del Concurso P\u00fablico, e integr\u00f3 a representantes de los sectores art\u00edsticos, t\u00e9cnicos, acad\u00e9micos y culturales.<\/p>\n\n\n\n<p>Participaron:<\/p>\n\n\n\n<ul>\n<li>Por la&nbsp;<strong>Subsecretar\u00eda de Cultura<\/strong>, Gustavo Capone (Historia y Antropolog\u00eda), Viviana Beinat (\u00c1rea Art\u00edstica), Pablo De Bartolo (escritor \u00e1rbitro) y Fernando Jos\u00e9 G\u00e1mez Gattari (\u00c1rea T\u00e9cnica).<\/li>\n\n\n\n<li>Por&nbsp;<strong>Argentores<\/strong>, Laura Ang\u00e9lica Rodr\u00edguez.<\/li>\n\n\n\n<li>Por el sector&nbsp;<strong>audiovisual<\/strong>, Patricio Pina.<\/li>\n\n\n\n<li>Por los&nbsp;<strong>Directores de Cultura Departamentales<\/strong>, Carolina Vico.<\/li>\n\n\n\n<li>En representaci\u00f3n de&nbsp;<strong>Corenave y Covinave<\/strong>, Roc\u00edo Silene Fuster.<\/li>\n\n\n\n<li>Por la&nbsp;<strong>Facultad de Arte y Dise\u00f1o de la UNCuyo<\/strong>, Federico Gast\u00f3n P\u00e9rez.<\/li>\n\n\n\n<li>Entre los&nbsp;<strong>exdirectores de Vendimia<\/strong>, Alejandro Conte.<\/li>\n\n\n\n<li>Por el&nbsp;<strong>Ente Mendoza Turismo<\/strong>, Marcelo Montenegro y Jorge Eduardo Corrales.<\/li>\n\n\n\n<li>Por&nbsp;<strong>Actores (AAAyA)<\/strong>, Pablo Longo.<\/li>\n\n\n\n<li>Por el sector de&nbsp;<strong>danza<\/strong>, Paula Barbuzza, Enzo De Lucca, Alejandra Serber y Luc\u00eda Gu\u00ed\u00f1ez.<\/li>\n\n\n\n<li>Por la&nbsp;<strong>m\u00fasica<\/strong>, Juan Ignacio Rojas Vergara y Zaharay Graciela Ortega.<\/li>\n\n\n\n<li>Adem\u00e1s tuvieron su intervenci\u00f3n representantes de&nbsp;<strong>Higiene y Seguridad<\/strong>,&nbsp;<strong>antiguos productores de Vendimia<\/strong>&nbsp;y&nbsp;<strong>asociaciones culturales y tur\u00edsticas<\/strong>.<\/li>\n<\/ul>\n\n\n\n<p>En los rubros de danza y m\u00fasica, el jurado actu\u00f3 de manera colegiada, con varios representantes por disciplina pero con derecho a un \u00fanico voto por rubro.<\/p>\n\n\n\n<h2 class=\"wp-block-heading\">La Vendimia, 90 a\u00f1os de una celebraci\u00f3n colectiva<\/h2>\n\n\n\n<p>La&nbsp;<strong>Fiesta Nacional de la Vendimia<\/strong>, declarada Patrimonio Cultural de la Naci\u00f3n, es uno de los espect\u00e1culos al aire libre m\u00e1s importantes del mundo.<\/p>\n\n\n\n<p>Naci\u00f3 en 1936 como un homenaje a la cosecha y al esfuerzo de los trabajadores de la vid, y desde entonces se ha transformado en un s\u00edmbolo de identidad, arte y comunidad que representa a Mendoza en el resto del mundo.<\/p>\n\n\n\n<p>Este a\u00f1o tendr\u00e1 adem\u00e1s una comisi\u00f3n especial, integrada por\u00a0representantes vendimiales de larga trayectoria\u00a0en el \u00e1mbito cultural, que se encargar\u00e1 de planificar y coordinar actividades enmarcadas en el 90\u00b0 aniversario de la\u00a0<strong>Fiesta Nacional de la Vendimia<\/strong>.<\/p>\n\n\n\n<p>En 2026, cuando cumpla 90 a\u00f1os de realizaci\u00f3n, la&nbsp;<strong>Vendimia<\/strong>&nbsp;volver\u00e1 a reunir en el Frank Romero Day a m\u00e1s de mil artistas en escena, en una puesta que promete ser emotiva, monumental y profundamente mendocina.<\/p>\n\n\n\n<p>\u201c<strong>90 cosechas de una misma cepa<\/strong>\u201d se propone celebrar esa historia compartida, honrando las ra\u00edces que sostienen a la provincia y proyectando, una vez m\u00e1s, el esp\u00edritu de su gente hacia el futuro.<\/p>\n\n\n\n<p><strong>Fuente: www.diariouno.com.ar<\/strong><\/p>\n","protected":false},"excerpt":{"rendered":"<p>Con el nombre\u00a0\u201c90 cosechas de una misma cepa\u201d, el equipo encabezado por\u00a0Pablo Perri\u00a0como director general y Silvia Graciela Moyano como guionista fue seleccionado mediante concurso p\u00fablico para realizar el\u00a0Acto Central de la Fiesta Nacional de la\u00a0Vendimia\u00a02026, que marcar\u00e1 los\u00a090 a\u00f1os de historia\u00a0de la m\u00e1xima celebraci\u00f3n mendocina. El proceso de selecci\u00f3n fue impulsado por la Subsecretar\u00eda [&hellip;]<\/p>\n","protected":false},"author":2,"featured_media":15657,"comment_status":"open","ping_status":"open","sticky":false,"template":"","format":"standard","meta":[],"categories":[74],"tags":[],"_links":{"self":[{"href":"https:\/\/pasaenmendoza.com\/index.php?rest_route=\/wp\/v2\/posts\/15656"}],"collection":[{"href":"https:\/\/pasaenmendoza.com\/index.php?rest_route=\/wp\/v2\/posts"}],"about":[{"href":"https:\/\/pasaenmendoza.com\/index.php?rest_route=\/wp\/v2\/types\/post"}],"author":[{"embeddable":true,"href":"https:\/\/pasaenmendoza.com\/index.php?rest_route=\/wp\/v2\/users\/2"}],"replies":[{"embeddable":true,"href":"https:\/\/pasaenmendoza.com\/index.php?rest_route=%2Fwp%2Fv2%2Fcomments&post=15656"}],"version-history":[{"count":1,"href":"https:\/\/pasaenmendoza.com\/index.php?rest_route=\/wp\/v2\/posts\/15656\/revisions"}],"predecessor-version":[{"id":15658,"href":"https:\/\/pasaenmendoza.com\/index.php?rest_route=\/wp\/v2\/posts\/15656\/revisions\/15658"}],"wp:featuredmedia":[{"embeddable":true,"href":"https:\/\/pasaenmendoza.com\/index.php?rest_route=\/wp\/v2\/media\/15657"}],"wp:attachment":[{"href":"https:\/\/pasaenmendoza.com\/index.php?rest_route=%2Fwp%2Fv2%2Fmedia&parent=15656"}],"wp:term":[{"taxonomy":"category","embeddable":true,"href":"https:\/\/pasaenmendoza.com\/index.php?rest_route=%2Fwp%2Fv2%2Fcategories&post=15656"},{"taxonomy":"post_tag","embeddable":true,"href":"https:\/\/pasaenmendoza.com\/index.php?rest_route=%2Fwp%2Fv2%2Ftags&post=15656"}],"curies":[{"name":"wp","href":"https:\/\/api.w.org\/{rel}","templated":true}]}}