{"id":15659,"date":"2025-11-10T22:59:45","date_gmt":"2025-11-10T21:59:45","guid":{"rendered":"https:\/\/pasaenmendoza.com\/?p=15659"},"modified":"2025-11-10T22:59:46","modified_gmt":"2025-11-10T21:59:46","slug":"la-ministra-latorre-pidio-seriedad-a-los-diputados-de-cara-al-debate-por-psj-cobre-mendocino","status":"publish","type":"post","link":"https:\/\/pasaenmendoza.com\/?p=15659","title":{"rendered":"La ministra Latorre pidi\u00f3 seriedad a los diputados de cara al debate por PSJ Cobre Mendocino"},"content":{"rendered":"\n<p>La ministra de Energ\u00eda y Ambiente,\u00a0<strong>Jimena Latorre<\/strong>, encabez\u00f3 la presentaci\u00f3n del\u00a0<strong>proyecto minero\u00a0PSJ Cobre Mendocino<\/strong>\u00a0en la Legislatura, de cara a su tratamiento en comisiones. Pidi\u00f3 \u201cseriedad\u201d a los diputados en el debate.<\/p>\n\n\n\n<p>Desde Emiratos \u00c1rabes, donde se encuentra de gira oficial, la ministra present\u00f3 la&nbsp;<strong>Declaraci\u00f3n de Impacto Ambiental&nbsp;<\/strong>en la que parte de su equipo del ministerio trabaj\u00f3 durante meses.<\/p>\n\n\n\n<p>Se trata de la\u00a0DIA del\u00a0<strong>proyecto minero<\/strong>\u00a0de explotaci\u00f3n, a cargo de la minera San Jorge y ubicado en\u00a0<strong>Uspallata<\/strong>.<\/p>\n\n\n\n<p><strong>Latorre<\/strong>, entendiendo que lo que viene ser\u00e1 una discusi\u00f3n pol\u00edtica m\u00e1s que te\u00f3rica, pidi\u00f3 un \u201cdebate serio, que respete el trabajo t\u00e9cnico realizado, la participaci\u00f3n ciudadana y la magnitud del proceso que lo respalda\u201d.<\/p>\n\n\n\n<p>Adem\u00e1s de\u00a0<strong>PSJ Cobre Mendocino<\/strong>,\u00a0los legisladores analizar\u00e1n la DIA de 27 proyectos mineros ubicados en el Malarg\u00fce Distrito Minero Occidental y los cambios en la ley de regal\u00edas.<\/p>\n\n\n\n<h2 class=\"wp-block-heading\">El pedido de Latorre a los legisladores de cara al debate de PSJ Cobre Mendocino<\/h2>\n\n\n\n<p>\u201cEs importante no desvalorizar el trabajo y estudiar todo el material antes de emitir opiniones\u201d, expres\u00f3 Latorre por redes sociales, tras la presentaci\u00f3n en la&nbsp;<strong>Legislatura<\/strong>.<\/p>\n\n\n\n<p>La funcionaria destac\u00f3 que la \u201c<strong>Autoridad Ambiental Minera<\/strong>\u00a0evalu\u00f3 el proyecto durante meses, siguiendo la normativa vigente en Mendoza y fundamentando cada paso\u201d y que esa evaluaci\u00f3n incluy\u00f3 instancias de \u201cparticipaci\u00f3n, an\u00e1lisis sectoriales, observaciones, intercambios con especialistas y referentes t\u00e9cnicos de Mendoza, Chile y San Juan\u201d.<\/p>\n\n\n\n<p>Para el Gobierno, este proyecto minero es un emblema del futuro productivo y ambiental de la provincia y de ah\u00ed la importancia que le da a la discusi\u00f3n que se viene.<\/p>\n\n\n\n<h2 class=\"wp-block-heading\">Seriedad en el debate legislativo<\/h2>\n\n\n\n<p>\u201cLa Legislatura tomar\u00e1 ahora una decisi\u00f3n pol\u00edtica. Y es leg\u00edtimo que as\u00ed sea, porque esa es la divisi\u00f3n institucional de poderes. Justamente por eso, pido a rigor, seriedad en el debate, en las fuentes, en las comparaciones y en las interpretaciones normativas\u201d, insisti\u00f3&nbsp;<strong>Jimena Latorre<\/strong>.<\/p>\n\n\n\n<p>Y argument\u00f3: \u201cHe visto a muchos y muchas profesionales del Estado trabajar nueve meses para llegar a este dictamen. Los he visto estudiar, comparar, viajar a capacitarse, escuchar, corregir, explicar y volver a explicar. No es justo que ese esfuerzo sea puesto en duda sin&nbsp;<strong>argumentos<\/strong>&nbsp;s\u00f3lidos\u201d.<\/p>\n\n\n\n<p>El pedido final a los diputados y senadores provinciales en el debate de\u00a0<strong>PSJ Cobre Mendocino<\/strong>\u00a0fue contundente: \u201cMendoza necesita debates responsables, informados y serenos. La miner\u00eda exige controles estrictos, planificaci\u00f3n a largo plazo y fortalecimiento institucional permanente. En eso estamos trabajando, todos los d\u00edas\u201d.<\/p>\n\n\n\n<p><strong>Fuente: www.diariouno.com.ar<\/strong><\/p>\n","protected":false},"excerpt":{"rendered":"<p>La ministra de Energ\u00eda y Ambiente,\u00a0Jimena Latorre, encabez\u00f3 la presentaci\u00f3n del\u00a0proyecto minero\u00a0PSJ Cobre Mendocino\u00a0en la Legislatura, de cara a su tratamiento en comisiones. Pidi\u00f3 \u201cseriedad\u201d a los diputados en el debate. Desde Emiratos \u00c1rabes, donde se encuentra de gira oficial, la ministra present\u00f3 la&nbsp;Declaraci\u00f3n de Impacto Ambiental&nbsp;en la que parte de su equipo del ministerio [&hellip;]<\/p>\n","protected":false},"author":2,"featured_media":15660,"comment_status":"open","ping_status":"open","sticky":false,"template":"","format":"standard","meta":[],"categories":[116],"tags":[],"_links":{"self":[{"href":"https:\/\/pasaenmendoza.com\/index.php?rest_route=\/wp\/v2\/posts\/15659"}],"collection":[{"href":"https:\/\/pasaenmendoza.com\/index.php?rest_route=\/wp\/v2\/posts"}],"about":[{"href":"https:\/\/pasaenmendoza.com\/index.php?rest_route=\/wp\/v2\/types\/post"}],"author":[{"embeddable":true,"href":"https:\/\/pasaenmendoza.com\/index.php?rest_route=\/wp\/v2\/users\/2"}],"replies":[{"embeddable":true,"href":"https:\/\/pasaenmendoza.com\/index.php?rest_route=%2Fwp%2Fv2%2Fcomments&post=15659"}],"version-history":[{"count":1,"href":"https:\/\/pasaenmendoza.com\/index.php?rest_route=\/wp\/v2\/posts\/15659\/revisions"}],"predecessor-version":[{"id":15661,"href":"https:\/\/pasaenmendoza.com\/index.php?rest_route=\/wp\/v2\/posts\/15659\/revisions\/15661"}],"wp:featuredmedia":[{"embeddable":true,"href":"https:\/\/pasaenmendoza.com\/index.php?rest_route=\/wp\/v2\/media\/15660"}],"wp:attachment":[{"href":"https:\/\/pasaenmendoza.com\/index.php?rest_route=%2Fwp%2Fv2%2Fmedia&parent=15659"}],"wp:term":[{"taxonomy":"category","embeddable":true,"href":"https:\/\/pasaenmendoza.com\/index.php?rest_route=%2Fwp%2Fv2%2Fcategories&post=15659"},{"taxonomy":"post_tag","embeddable":true,"href":"https:\/\/pasaenmendoza.com\/index.php?rest_route=%2Fwp%2Fv2%2Ftags&post=15659"}],"curies":[{"name":"wp","href":"https:\/\/api.w.org\/{rel}","templated":true}]}}