{"id":15662,"date":"2025-11-10T23:03:52","date_gmt":"2025-11-10T22:03:52","guid":{"rendered":"https:\/\/pasaenmendoza.com\/?p=15662"},"modified":"2025-11-10T23:03:53","modified_gmt":"2025-11-10T22:03:53","slug":"diego-santilli-ya-puso-en-agenda-una-visita-a-mendoza-para-reunirse-con-cornejo","status":"publish","type":"post","link":"https:\/\/pasaenmendoza.com\/?p=15662","title":{"rendered":"Diego Santilli ya puso en agenda una visita a Mendoza para reunirse con Cornejo"},"content":{"rendered":"\n<p>El ministro del Interior\u00a0<strong>Diego Santilli<\/strong>\u00a0-en funciones, aunque a\u00fan no jura como tal- puso en agenda un encuentro con el gobernador de Mendoza,\u00a0<strong>Alfredo Cornejo<\/strong>. La reuni\u00f3n no tiene fecha, pero s\u00ed coordenadas: ser\u00e1 en la provincia, como parte de una gira que el funcionario har\u00e1 por el pa\u00eds.<\/p>\n\n\n\n<p><strong>Santilli<\/strong>&nbsp;comenz\u00f3 los encuentros con gobernadores la semana pasada, cuando se vio con Ignacio Torres (Chubut) y con Ra\u00fal Jalil (Catamarca). Las citas en la Casa Rosada contin\u00faan este lunes con el cordob\u00e9s&nbsp;<strong>Mart\u00edn Llaryora<\/strong>&nbsp;y el sanjuanino&nbsp;<strong>Marcelo Orrego<\/strong>&nbsp;y siguen el mi\u00e9rcoles, con una reuni\u00f3n pactada con Gustavo S\u00e1enz, de Salta.<\/p>\n\n\n\n<p>En la cita con\u00a0<strong>Cornejo<\/strong>, en cambio, Santilli jugar\u00e1 de \u201cvisitante\u201d. En Mendoza ya est\u00e1n alertas, aunque desde Casa de Gobierno confirmaron que el viaje del ministro a\u00fan no tiene fecha confirmada.<\/p>\n\n\n\n<p>El objetivo del acercamiento del gobierno nacional con los gobernadores de provincias \u201caliadas\u201d es tender puentes de cara a los tratamientos que se vienen en el Congreso:&nbsp;<strong>Presupuesto 2026<\/strong>&nbsp;y&nbsp;<strong>reformas<\/strong>. Los mandatarios provinciales, en tanto, buscan quedar lo mejor parados posibles de cara al reparto de fondos y obras del a\u00f1o que viene.<\/p>\n\n\n\n<h2 class=\"wp-block-heading\">Santilli, Cornejo, las reformas y el reparto de fondos<\/h2>\n\n\n\n<p>Aunque ya est\u00e1 en agenda, no hay apuro para el primer encuentro entre&nbsp;<strong>Santilli y Cornejo<\/strong>. Antes de eso, con el gobernador en Emiratos \u00c1rabes \u2013regresa el jueves-, se avanzar\u00eda en una charla telef\u00f3nica.<\/p>\n\n\n\n<p>El mendocino es abiertamente aliado al&nbsp;<strong>gobierno nacional<\/strong>&nbsp;y lleva la batuta de las reformas tributaria, laboral y del C\u00f3digo Penal en el&nbsp;<strong>Consejo de Mayo<\/strong>.<\/p>\n\n\n\n<p>Pero ni estas reformas ni el\u00a0<strong>Presupuesto<\/strong>\u00a0saldr\u00e1n si no se acuerda con el resto de los gobernadores. De ah\u00ed que la recorrida por el interior pa\u00eds incluir\u00e1 visitas a Rogelio Frigerio (Entre R\u00edos), Claudio Poggi (San Luis) y Leandro Zdero (Chaco).<\/p>\n\n\n\n<p>Lo que buscan saber de primera mano los gobernadores es si esta vez el ministro del Interior tendr\u00e1 o no margen para comprometer&nbsp;<strong>fondos para las provincias<\/strong>, a diferencia de lo que suced\u00eda con Guillermo Francos y Lisandro Catal\u00e1n, que acercaban posiciones, pero sin billetera en mano.<\/p>\n\n\n\n<p>Las negociaciones, antes de avanzar en las reformas, tienen que ver con el reparto del&nbsp;<strong>Presupuesto 2026<\/strong>&nbsp;\u2013especialmente en lo que hace al esquema de distribuci\u00f3n de ATN y combustibles- y la vuelta de la obra p\u00fablica nacional.<\/p>\n\n\n\n<p>El tratamiento de los proyectos quedar\u00e1 para las extraordinarias, ya con la nueva conformaci\u00f3n del\u00a0<strong>Congreso<\/strong>.<\/p>\n\n\n\n<p><strong>Fuente: www.diariouno.com.ar<\/strong><\/p>\n","protected":false},"excerpt":{"rendered":"<p>El ministro del Interior\u00a0Diego Santilli\u00a0-en funciones, aunque a\u00fan no jura como tal- puso en agenda un encuentro con el gobernador de Mendoza,\u00a0Alfredo Cornejo. La reuni\u00f3n no tiene fecha, pero s\u00ed coordenadas: ser\u00e1 en la provincia, como parte de una gira que el funcionario har\u00e1 por el pa\u00eds. Santilli&nbsp;comenz\u00f3 los encuentros con gobernadores la semana pasada, [&hellip;]<\/p>\n","protected":false},"author":2,"featured_media":15663,"comment_status":"open","ping_status":"open","sticky":false,"template":"","format":"standard","meta":[],"categories":[47],"tags":[],"_links":{"self":[{"href":"https:\/\/pasaenmendoza.com\/index.php?rest_route=\/wp\/v2\/posts\/15662"}],"collection":[{"href":"https:\/\/pasaenmendoza.com\/index.php?rest_route=\/wp\/v2\/posts"}],"about":[{"href":"https:\/\/pasaenmendoza.com\/index.php?rest_route=\/wp\/v2\/types\/post"}],"author":[{"embeddable":true,"href":"https:\/\/pasaenmendoza.com\/index.php?rest_route=\/wp\/v2\/users\/2"}],"replies":[{"embeddable":true,"href":"https:\/\/pasaenmendoza.com\/index.php?rest_route=%2Fwp%2Fv2%2Fcomments&post=15662"}],"version-history":[{"count":1,"href":"https:\/\/pasaenmendoza.com\/index.php?rest_route=\/wp\/v2\/posts\/15662\/revisions"}],"predecessor-version":[{"id":15664,"href":"https:\/\/pasaenmendoza.com\/index.php?rest_route=\/wp\/v2\/posts\/15662\/revisions\/15664"}],"wp:featuredmedia":[{"embeddable":true,"href":"https:\/\/pasaenmendoza.com\/index.php?rest_route=\/wp\/v2\/media\/15663"}],"wp:attachment":[{"href":"https:\/\/pasaenmendoza.com\/index.php?rest_route=%2Fwp%2Fv2%2Fmedia&parent=15662"}],"wp:term":[{"taxonomy":"category","embeddable":true,"href":"https:\/\/pasaenmendoza.com\/index.php?rest_route=%2Fwp%2Fv2%2Fcategories&post=15662"},{"taxonomy":"post_tag","embeddable":true,"href":"https:\/\/pasaenmendoza.com\/index.php?rest_route=%2Fwp%2Fv2%2Ftags&post=15662"}],"curies":[{"name":"wp","href":"https:\/\/api.w.org\/{rel}","templated":true}]}}