{"id":15671,"date":"2025-11-11T21:40:43","date_gmt":"2025-11-11T20:40:43","guid":{"rendered":"https:\/\/pasaenmendoza.com\/?p=15671"},"modified":"2025-11-11T21:40:44","modified_gmt":"2025-11-11T20:40:44","slug":"enviaron-a-juicio-al-comerciante-de-la-quinta-seccion-acusado-de-abusar-de-su-sobrina","status":"publish","type":"post","link":"https:\/\/pasaenmendoza.com\/?p=15671","title":{"rendered":"Enviaron a juicio al comerciante de la Quinta Secci\u00f3n acusado de abusar de su sobrina"},"content":{"rendered":"\n<p>La causa contra el comerciante santafecino de 60 a\u00f1os&nbsp;<strong>acusado de abusar sexualmente de su sobrina pol\u00edtica durante m\u00e1s de un a\u00f1o finalmente ir\u00e1 a juicio oral<\/strong>. As\u00ed lo resolvi\u00f3 la Justicia al rechazar el planteo de nulidad presentado por la defensa del imputado, quien permanece detenido desde agosto del a\u00f1o pasado.<\/p>\n\n\n\n<p>El fallo judicial desestim\u00f3 los argumentos presentados por el abogado defensor Pablo Cazab\u00e1n, quien hab\u00eda\u00a0<strong>solicitado la anulaci\u00f3n del requerimiento de elevaci\u00f3n<\/strong>\u00a0a juicio alegando que la acusaci\u00f3n fiscal carec\u00eda de fundamentaci\u00f3n y que se hab\u00eda violado el derecho de defensa de su cliente.<\/p>\n\n\n\n<p>La defensa del due\u00f1o de una reconocida panader\u00eda de la Quinta Secci\u00f3n de Ciudad hab\u00eda cuestionado pr\u00e1cticamente todos los elementos de la investigaci\u00f3n. Argument\u00f3 que el relato de la menor v\u00edctima, de apenas 10 a\u00f1os, hab\u00eda sido<em>&nbsp;\u201ccontaminado\u201d&nbsp;<\/em>por sus padres y que varias pruebas no hab\u00edan sido correctamente valoradas por el Ministerio P\u00fablico.<\/p>\n\n\n\n<p>Sin embargo, la resoluci\u00f3n de la jueza Mirna Montaldi fue contundente al se\u00f1alar que el requerimiento acusatorio cumpl\u00eda con todos los requisitos legales y se encontraba debidamente fundamentado.<em>\u00a0\u201cNo existe violaci\u00f3n al derecho de defensa ni ninguna otra garant\u00eda constitucional del imputado<\/em>\u201c, estableci\u00f3 el fallo.<\/p>\n\n\n\n<p>Seg\u00fan se desprende de la resoluci\u00f3n, la investigaci\u00f3n fiscal se apoy\u00f3 fundamentalmente en el<strong>&nbsp;testimonio que la ni\u00f1a brind\u00f3 en C\u00e1mara Gesell<\/strong>, el cual fue analizado por peritos psic\u00f3logos que concluyeron que&nbsp;<em>\u201cre\u00fane criterios de credibilidad\u201d.<\/em><\/p>\n\n\n\n<p>Adem\u00e1s, informes de profesionales de la salud detectaron en la menor&nbsp;<em>\u201csintomatolog\u00eda postraum\u00e1tica e indicadores inespec\u00edficos de abuso sexual\u201d<\/em>, mientras que docentes de su escuela advirtieron cambios de conducta durante el per\u00edodo en que habr\u00edan ocurrido los hechos.<\/p>\n\n\n\n<p>Un dato clave es que el propio imputado admiti\u00f3 en su declaraci\u00f3n que en dos o tres oportunidades estuvo a solas con la menor, que pas\u00f3 a buscarla y la llev\u00f3 a su negocio, y reconoci\u00f3 haber tenido contactos f\u00edsicos que describi\u00f3 como\u00a0<em>\u201ccosquillas\u201d.<\/em><\/p>\n\n\n\n<p>Uno de los puntos centrales del planteo defensista fue la ausencia de lesiones f\u00edsicas en la menor. El abogado hab\u00eda sostenido que esto descartar\u00eda los abusos denunciados.<\/p>\n\n\n\n<p>Sin embargo, la resoluci\u00f3n judicial cit\u00f3 jurisprudencia de la\u00a0<strong>Suprema Corte de Justicia de Mendoza<\/strong>\u00a0que establece de manera clara:<em>\u00a0\u201cLa ausencia de evidencias f\u00edsicas de abuso sexual no significa su inexistencia\u201d.\u00a0<\/em>Esta doctrina es aplicada de manera constante tanto por tribunales nacionales como internacionales en casos de abuso sexual infantil.<\/p>\n\n\n\n<h2 class=\"wp-block-heading\" id=\"h-los-hechos-que-se-juzgaran\">Los hechos que se juzgar\u00e1n<\/h2>\n\n\n\n<p>Seg\u00fan la acusaci\u00f3n fiscal a cargo del fiscal Gonzalo Marzal,&nbsp;<strong>los abusos habr\u00edan ocurrido durante gran parte de 2023 y hasta el 27 de julio de ese a\u00f1o<\/strong>, cuando la familia de la menor decidi\u00f3 radicar la denuncia.<\/p>\n\n\n\n<p>Los episodios se habr\u00edan registrado en m\u00faltiples lugares: en la vivienda del acusado ubicada en el barrio<strong>&nbsp;Batalla del Pilar de Godoy Cruz, en su panader\u00eda de la Quinta Secci\u00f3n de Ciudad<\/strong>, y tambi\u00e9n en su veh\u00edculo particular.<\/p>\n\n\n\n<p>La v\u00edctima, que ten\u00eda entre 8 y 9 a\u00f1os al momento de los hechos, es hija de una hermana de la esposa del comerciante. Fue la propia ni\u00f1a quien relat\u00f3 a su madre los padecimientos que ven\u00eda sufriendo.<\/p>\n\n\n\n<p>Los abusos incluir\u00edan besos en la boca, tocamientos con acceso carnal y sexo oral, se desprende de la instrucci\u00f3n.&nbsp;<strong>Algunos episodios habr\u00edan ocurrido mientras la menor se ba\u00f1aba en el domicilio del acusado&nbsp;<\/strong>y tambi\u00e9n cuando dorm\u00eda en un sill\u00f3n de la vivienda.<\/p>\n\n\n\n<p>El imputado enfrenta una acusaci\u00f3n de extrema gravedad: abuso sexual simple agravado por ser cometido contra un menor de 18 a\u00f1os aprovechando la situaci\u00f3n de convivencia preexistente, y abuso sexual con acceso carnal agravado reiterado en un n\u00famero indeterminado de hechos.<\/p>\n\n\n\n<p>De ser encontrado culpable en el juicio oral, el comerciante podr\u00eda enfrentar una pena de hasta 20 a\u00f1os de prisi\u00f3n.<\/p>\n\n\n\n<h2 class=\"wp-block-heading\" id=\"h-seguira-detenido\">Seguir\u00e1 detenido<\/h2>\n\n\n\n<p>El imputado fue detenido el 26 de agosto del a\u00f1o pasado y permanece en prisi\u00f3n preventiva. En agosto,&nbsp;<strong>la misma jueza Montaldi, del Juzgado Penal Colegiado N\u00ba2,&nbsp;<\/strong>rechaz\u00f3 tambi\u00e9n un pedido de prisi\u00f3n domiciliaria que hab\u00eda solicitado la defensa alegando problemas de salud.<\/p>\n\n\n\n<p>La magistrada consider\u00f3 que exist\u00edan riesgos procesales que ameritaban mantener la detenci\u00f3n en un centro carcelario, aunque orden\u00f3 garantizar que reciba el tratamiento m\u00e9dico necesario.<\/p>\n\n\n\n<p><strong>Fuente: www.elsol.com.ar<\/strong><\/p>\n","protected":false},"excerpt":{"rendered":"<p>La causa contra el comerciante santafecino de 60 a\u00f1os&nbsp;acusado de abusar sexualmente de su sobrina pol\u00edtica durante m\u00e1s de un a\u00f1o finalmente ir\u00e1 a juicio oral. As\u00ed lo resolvi\u00f3 la Justicia al rechazar el planteo de nulidad presentado por la defensa del imputado, quien permanece detenido desde agosto del a\u00f1o pasado. El fallo judicial desestim\u00f3 [&hellip;]<\/p>\n","protected":false},"author":2,"featured_media":15672,"comment_status":"open","ping_status":"open","sticky":false,"template":"","format":"standard","meta":[],"categories":[48],"tags":[],"_links":{"self":[{"href":"https:\/\/pasaenmendoza.com\/index.php?rest_route=\/wp\/v2\/posts\/15671"}],"collection":[{"href":"https:\/\/pasaenmendoza.com\/index.php?rest_route=\/wp\/v2\/posts"}],"about":[{"href":"https:\/\/pasaenmendoza.com\/index.php?rest_route=\/wp\/v2\/types\/post"}],"author":[{"embeddable":true,"href":"https:\/\/pasaenmendoza.com\/index.php?rest_route=\/wp\/v2\/users\/2"}],"replies":[{"embeddable":true,"href":"https:\/\/pasaenmendoza.com\/index.php?rest_route=%2Fwp%2Fv2%2Fcomments&post=15671"}],"version-history":[{"count":1,"href":"https:\/\/pasaenmendoza.com\/index.php?rest_route=\/wp\/v2\/posts\/15671\/revisions"}],"predecessor-version":[{"id":15673,"href":"https:\/\/pasaenmendoza.com\/index.php?rest_route=\/wp\/v2\/posts\/15671\/revisions\/15673"}],"wp:featuredmedia":[{"embeddable":true,"href":"https:\/\/pasaenmendoza.com\/index.php?rest_route=\/wp\/v2\/media\/15672"}],"wp:attachment":[{"href":"https:\/\/pasaenmendoza.com\/index.php?rest_route=%2Fwp%2Fv2%2Fmedia&parent=15671"}],"wp:term":[{"taxonomy":"category","embeddable":true,"href":"https:\/\/pasaenmendoza.com\/index.php?rest_route=%2Fwp%2Fv2%2Fcategories&post=15671"},{"taxonomy":"post_tag","embeddable":true,"href":"https:\/\/pasaenmendoza.com\/index.php?rest_route=%2Fwp%2Fv2%2Ftags&post=15671"}],"curies":[{"name":"wp","href":"https:\/\/api.w.org\/{rel}","templated":true}]}}