{"id":15674,"date":"2025-11-11T21:44:07","date_gmt":"2025-11-11T20:44:07","guid":{"rendered":"https:\/\/pasaenmendoza.com\/?p=15674"},"modified":"2025-11-11T21:44:09","modified_gmt":"2025-11-11T20:44:09","slug":"por-que-cierra-manana-el-paso-a-chile-a-quien-afecta-y-hasta-cuando-rige","status":"publish","type":"post","link":"https:\/\/pasaenmendoza.com\/?p=15674","title":{"rendered":"Por qu\u00e9 cierra ma\u00f1ana el Paso a Chile, a qui\u00e9n afecta y hasta cuando rige"},"content":{"rendered":"\n<p>Este&nbsp;<strong>mi\u00e9rcoles 12 de noviembre<\/strong>, a partir de las 20, el sistema inform\u00e1tico de la Aduana se ver\u00e1 afectado por tareas de mantenimiento programadas a nivel nacional.<\/p>\n\n\n\n<p>Seg\u00fan informaron desde la\u00a0<strong>Direcci\u00f3n Nacional de Asuntos T\u00e9cnicos de Fronteras<\/strong>, el ingreso y egreso de camiones quedar\u00e1 interrumpido durante aproximadamente tres horas, hasta que finalicen las tareas t\u00e9cnicas.<\/p>\n\n\n\n<p>Se recomienda a los transportistas y empresas de carga tener en cuenta esta restricci\u00f3n temporal y reprogramar sus operaciones para evitar demoras o inconvenientes durante ese lapso.<\/p>\n\n\n\n<p>Una vez completadas las tareas, el paso fronterizo retomar\u00e1 su actividad normal.<\/p>\n\n\n\n<p><strong>Fuente: www.mendozapost.com<\/strong><\/p>\n","protected":false},"excerpt":{"rendered":"<p>Este&nbsp;mi\u00e9rcoles 12 de noviembre, a partir de las 20, el sistema inform\u00e1tico de la Aduana se ver\u00e1 afectado por tareas de mantenimiento programadas a nivel nacional. Seg\u00fan informaron desde la\u00a0Direcci\u00f3n Nacional de Asuntos T\u00e9cnicos de Fronteras, el ingreso y egreso de camiones quedar\u00e1 interrumpido durante aproximadamente tres horas, hasta que finalicen las tareas t\u00e9cnicas. Se [&hellip;]<\/p>\n","protected":false},"author":2,"featured_media":15675,"comment_status":"open","ping_status":"open","sticky":false,"template":"","format":"standard","meta":[],"categories":[50],"tags":[],"_links":{"self":[{"href":"https:\/\/pasaenmendoza.com\/index.php?rest_route=\/wp\/v2\/posts\/15674"}],"collection":[{"href":"https:\/\/pasaenmendoza.com\/index.php?rest_route=\/wp\/v2\/posts"}],"about":[{"href":"https:\/\/pasaenmendoza.com\/index.php?rest_route=\/wp\/v2\/types\/post"}],"author":[{"embeddable":true,"href":"https:\/\/pasaenmendoza.com\/index.php?rest_route=\/wp\/v2\/users\/2"}],"replies":[{"embeddable":true,"href":"https:\/\/pasaenmendoza.com\/index.php?rest_route=%2Fwp%2Fv2%2Fcomments&post=15674"}],"version-history":[{"count":1,"href":"https:\/\/pasaenmendoza.com\/index.php?rest_route=\/wp\/v2\/posts\/15674\/revisions"}],"predecessor-version":[{"id":15676,"href":"https:\/\/pasaenmendoza.com\/index.php?rest_route=\/wp\/v2\/posts\/15674\/revisions\/15676"}],"wp:featuredmedia":[{"embeddable":true,"href":"https:\/\/pasaenmendoza.com\/index.php?rest_route=\/wp\/v2\/media\/15675"}],"wp:attachment":[{"href":"https:\/\/pasaenmendoza.com\/index.php?rest_route=%2Fwp%2Fv2%2Fmedia&parent=15674"}],"wp:term":[{"taxonomy":"category","embeddable":true,"href":"https:\/\/pasaenmendoza.com\/index.php?rest_route=%2Fwp%2Fv2%2Fcategories&post=15674"},{"taxonomy":"post_tag","embeddable":true,"href":"https:\/\/pasaenmendoza.com\/index.php?rest_route=%2Fwp%2Fv2%2Ftags&post=15674"}],"curies":[{"name":"wp","href":"https:\/\/api.w.org\/{rel}","templated":true}]}}