{"id":15680,"date":"2025-11-12T00:26:04","date_gmt":"2025-11-11T23:26:04","guid":{"rendered":"https:\/\/pasaenmendoza.com\/?p=15680"},"modified":"2025-11-12T00:26:05","modified_gmt":"2025-11-11T23:26:05","slug":"godoy-cruz-habilito-el-registro-online-para-los-jardines-maternales-municipales","status":"publish","type":"post","link":"https:\/\/pasaenmendoza.com\/?p=15680","title":{"rendered":"Godoy Cruz habilit\u00f3 el registro online para los jardines maternales municipales"},"content":{"rendered":"\n<p>La\u00a0<strong>Municipalidad de Godoy Cruz<\/strong>\u00a0inform\u00f3 la apertura de las\u00a0<strong>preinscripciones 2026<\/strong>\u00a0para los\u00a0<strong>Jardines Maternales municipales<\/strong>, destinada a\u00a0<strong>ni\u00f1as y ni\u00f1os de 45 d\u00edas a 3 a\u00f1os<\/strong>. El tr\u00e1mite podr\u00e1 realizarse de manera\u00a0<strong>online<\/strong>\u00a0desde el\u00a0<strong>lunes 10 hasta el viernes 14 de noviembre<\/strong>, a trav\u00e9s del sitio web oficial\u00a0<strong>godoycruz.gob.ar<\/strong>.<\/p>\n\n\n\n<p>El&nbsp;<strong>formulario de solicitud<\/strong>&nbsp;estar\u00e1 disponible a partir del&nbsp;<strong>lunes 10 a las 9.30<\/strong>&nbsp;y permanecer\u00e1 activo hasta el&nbsp;<strong>viernes 14 a las 13<\/strong>. Quienes&nbsp;<strong>no dispongan de dispositivos electr\u00f3nicos<\/strong>&nbsp;contar\u00e1n con una&nbsp;<strong>atenci\u00f3n presencial excepcional<\/strong>, en puntos habilitados con&nbsp;<strong>asistencia municipal<\/strong>.<\/p>\n\n\n\n<p>Los&nbsp;<strong>horarios de atenci\u00f3n<\/strong>&nbsp;ser\u00e1n los siguientes:<\/p>\n\n\n\n<ul>\n<li><strong>Lunes 10 y mi\u00e9rcoles 12 de noviembre:<\/strong>&nbsp;de 9 a 13.<\/li>\n\n\n\n<li><strong>Jueves 13 de noviembre:<\/strong>&nbsp;de 14 a 17.<\/li>\n<\/ul>\n\n\n\n<p>La\u00a0<strong>red de Jardines Maternales Municipales<\/strong>\u00a0est\u00e1 compuesta por\u00a0<strong>11 establecimientos<\/strong>\u00a0distribuidos en distintos barrios del departamento:<\/p>\n\n\n\n<ul>\n<li><strong>Ternuritas<\/strong>&nbsp;(Renato Della Santa 650)<\/li>\n\n\n\n<li><strong>El Monito<\/strong>&nbsp;(Perito Moreno 209)<\/li>\n\n\n\n<li><strong>Picard\u00edas<\/strong>&nbsp;(Olmo Z\u00e1rate y Curuz\u00fa Cuati\u00e1, B\u00b0 Dolores Prats de Huisi)<\/li>\n\n\n\n<li><strong>Chispitas de Esperanza<\/strong>&nbsp;(Chuquisaca 981, B\u00b0 La Esperanza)<\/li>\n\n\n\n<li><strong>Mi Solcito<\/strong>&nbsp;(Mariano Moreno s\/n, B\u00b0 Tres Estrellas &#8211; solo turno ma\u00f1ana)<\/li>\n\n\n\n<li><strong>Gotitas de Miel<\/strong>&nbsp;(Ushuaia y Bustamante, B\u00b0 La Gloria)<\/li>\n\n\n\n<li><strong>Patitas Sueltas<\/strong>&nbsp;(Lautaro y Montes de Oca, B\u00b0 Parque Sur)<\/li>\n\n\n\n<li><strong>Mi Angelito<\/strong>&nbsp;(Volc\u00e1n Santa Mar\u00eda y Pehuaj\u00f3, B\u00b0 XII Plan Agua y Energ\u00eda)<\/li>\n\n\n\n<li><strong>Multicolores<\/strong>&nbsp;(Salvador Arias 1575, Villa Marini)<\/li>\n\n\n\n<li><strong>El Club del ABC<\/strong>&nbsp;(Mart\u00edn Fierro y Chuquisaca)<\/li>\n\n\n\n<li><strong>Mundo de Exploradores<\/strong>&nbsp;(Segundo Sombra 4001, B\u00b0 Sol y Sierra)<\/li>\n<\/ul>\n\n\n\n<p>Para\u00a0<strong>realizar la inscripci\u00f3n<\/strong>, ser\u00e1 necesario contar con el\u00a0<strong>DNI del ni\u00f1o o la ni\u00f1a<\/strong>, y en caso de corresponder, presentar el\u00a0<strong>Certificado \u00danico de Discapacidad (CUD)<\/strong>.<\/p>\n\n\n\n<p>Desde el Municipio aclararon que&nbsp;<strong>completar el formulario no garantiza el ingreso<\/strong>, ya que luego se realizar\u00e1 una&nbsp;<strong>segunda etapa presencial<\/strong>&nbsp;con&nbsp;<strong>entrevistas y verificaci\u00f3n de criterios establecidos<\/strong>.<\/p>\n\n\n\n<p>Para\u00a0<strong>consultas e informes<\/strong>, las familias pueden comunicarse de\u00a0<strong>lunes a viernes, de 9 a 14<\/strong>, a los tel\u00e9fonos\u00a0<strong>4429338 \/ 4429331<\/strong>, o escribir al correo electr\u00f3nico\u00a0<strong>eduycapacitacionlaboral.gc@gmail.com<\/strong>.<\/p>\n\n\n\n<p><strong>Fuente: www.diariomendoza.com.ar<\/strong><\/p>\n","protected":false},"excerpt":{"rendered":"<p>La\u00a0Municipalidad de Godoy Cruz\u00a0inform\u00f3 la apertura de las\u00a0preinscripciones 2026\u00a0para los\u00a0Jardines Maternales municipales, destinada a\u00a0ni\u00f1as y ni\u00f1os de 45 d\u00edas a 3 a\u00f1os. El tr\u00e1mite podr\u00e1 realizarse de manera\u00a0online\u00a0desde el\u00a0lunes 10 hasta el viernes 14 de noviembre, a trav\u00e9s del sitio web oficial\u00a0godoycruz.gob.ar. El&nbsp;formulario de solicitud&nbsp;estar\u00e1 disponible a partir del&nbsp;lunes 10 a las 9.30&nbsp;y permanecer\u00e1 activo [&hellip;]<\/p>\n","protected":false},"author":2,"featured_media":15681,"comment_status":"open","ping_status":"open","sticky":false,"template":"","format":"standard","meta":[],"categories":[50],"tags":[],"_links":{"self":[{"href":"https:\/\/pasaenmendoza.com\/index.php?rest_route=\/wp\/v2\/posts\/15680"}],"collection":[{"href":"https:\/\/pasaenmendoza.com\/index.php?rest_route=\/wp\/v2\/posts"}],"about":[{"href":"https:\/\/pasaenmendoza.com\/index.php?rest_route=\/wp\/v2\/types\/post"}],"author":[{"embeddable":true,"href":"https:\/\/pasaenmendoza.com\/index.php?rest_route=\/wp\/v2\/users\/2"}],"replies":[{"embeddable":true,"href":"https:\/\/pasaenmendoza.com\/index.php?rest_route=%2Fwp%2Fv2%2Fcomments&post=15680"}],"version-history":[{"count":1,"href":"https:\/\/pasaenmendoza.com\/index.php?rest_route=\/wp\/v2\/posts\/15680\/revisions"}],"predecessor-version":[{"id":15682,"href":"https:\/\/pasaenmendoza.com\/index.php?rest_route=\/wp\/v2\/posts\/15680\/revisions\/15682"}],"wp:featuredmedia":[{"embeddable":true,"href":"https:\/\/pasaenmendoza.com\/index.php?rest_route=\/wp\/v2\/media\/15681"}],"wp:attachment":[{"href":"https:\/\/pasaenmendoza.com\/index.php?rest_route=%2Fwp%2Fv2%2Fmedia&parent=15680"}],"wp:term":[{"taxonomy":"category","embeddable":true,"href":"https:\/\/pasaenmendoza.com\/index.php?rest_route=%2Fwp%2Fv2%2Fcategories&post=15680"},{"taxonomy":"post_tag","embeddable":true,"href":"https:\/\/pasaenmendoza.com\/index.php?rest_route=%2Fwp%2Fv2%2Ftags&post=15680"}],"curies":[{"name":"wp","href":"https:\/\/api.w.org\/{rel}","templated":true}]}}