{"id":15683,"date":"2025-11-12T00:29:52","date_gmt":"2025-11-11T23:29:52","guid":{"rendered":"https:\/\/pasaenmendoza.com\/?p=15683"},"modified":"2025-11-12T00:29:53","modified_gmt":"2025-11-11T23:29:53","slug":"la-dge-alerto-que-la-liberacion-del-tope-de-cuotas-de-colegios-privados-no-rige-en-mendoza","status":"publish","type":"post","link":"https:\/\/pasaenmendoza.com\/?p=15683","title":{"rendered":"La DGE alert\u00f3 que la liberaci\u00f3n del tope de cuotas de colegios privados no rige en Mendoza"},"content":{"rendered":"\n<p>El Gobierno nacional avanz\u00f3 este martes con una nueva desregulaci\u00f3n: la de las cuotas de los\u00a0<strong>colegios privados<\/strong>. Derog\u00f3 el decreto N\u00b0 2.417\/1993, que durante 32 a\u00f1os regul\u00f3 el sistema de cuotas y la relaci\u00f3n entre el Estado y los institutos de gesti\u00f3n privada. Sin embargo esa liberaci\u00f3n no regir\u00e1 en Mendoza porque la\u00a0<strong>DGE<\/strong>\u00a0ya tiene un sistema de regulaci\u00f3n de\u00a0<strong>topes de los aumentos\u00a0<\/strong>de esos colegios privados que est\u00e1 atado al subsidio estatal que reciban.<\/p>\n\n\n\n<p>En decir, en estas tierras el decreto presidencial no incide en c\u00f3mo podr\u00edan aumentar las&nbsp;<strong>cuotas<\/strong>&nbsp;de esos colegios.<\/p>\n\n\n\n<p>S\u00f3lo los\u00a0<strong>colegios privados<\/strong>\u00a0que no reciban ning\u00fan aporte del Estado mendocino estar\u00e1n liberados de informar los aumentos que apliquen al Gobierno nacional, algo que hasta ahora hac\u00edan sin regulaci\u00f3n estatal, s\u00f3lo debiendo informar esos incrementos.<\/p>\n\n\n\n<h2 class=\"wp-block-heading\">Qu\u00e9 dice el decreto de Milei que libera las cuotas de colegios privados<\/h2>\n\n\n\n<p>El&nbsp;<strong>decreto N\u00b0 787\/2025<\/strong>&nbsp;supone un cambio en el esquema de<strong>&nbsp;control estatal<\/strong>&nbsp;sobre los precios de las cuotas y matr\u00edculas que cobran los&nbsp;<strong>colegios privados<\/strong>, al eliminar la obligaci\u00f3n de comunicar anticipadamente los montos y de obtener autorizaci\u00f3n previa.<\/p>\n\n\n\n<p>Esto&nbsp;<strong>no aplica<\/strong>&nbsp;en instituciones educativas que se rigen bajo los&nbsp;<strong>subsidios<\/strong>&nbsp;que cada&nbsp;<strong>Estado provincial&nbsp;<\/strong>otorga sobre el valor del arancel mensual: se mantienen de igual forma las autorizaciones de aumentos y precios.<\/p>\n\n\n\n<p>Entre los argumentos que us\u00f3 el Gobierno nacional para avanzar con la desregulaci\u00f3n de los valores de estas cuotas resalta que la norma anterior \u201cpresentaba limitaciones y requerimientos que dificultaban la adaptaci\u00f3n de los institutos de ense\u00f1anza p\u00fablica de gesti\u00f3n privada a las realidades educativas y econ\u00f3micas del pa\u00eds\u201d.<\/p>\n\n\n\n<h2 class=\"wp-block-heading\">C\u00f3mo son los subsidios que da la DGE a los colegios privados<\/h2>\n\n\n\n<p>A mediados de febrero de este a\u00f1o, antes de que comenzara el ciclo lectivo, autoridades de la DGE se reunieron con la Asociaci\u00f3n de Colegios Privados y acordaron una nueva f\u00f3rmula para calcular el tope a los aumentos de las cuotas de esas instituciones que reciben subsidios del Estado.<\/p>\n\n\n\n<p>As\u00ed se defini\u00f3 que para este 2025 el tope de aumento anual era del 20%. Es decir que si la cuota actual fuese de $50.000, con los incrementos de todo el 2025 no podr\u00e1 superar los $60.000.<\/p>\n\n\n\n<p>Se decidi\u00f3 que el c\u00e1lculo de la cuota se har\u00e1 en base a lo que cobra un docente con 10 a\u00f1os de antig\u00fcedad y lo que mida la&nbsp;<strong>inflaci\u00f3n local<\/strong>, seg\u00fan los datos de la DEIE. Sobre lo que surgi\u00f3 de esa f\u00f3rmula polin\u00f3mica se definieron los aumentos.<\/p>\n\n\n\n<p>En el caso de los colegios que no reciban ning\u00fan tipo de subsidio estatal est\u00e1n liberados de definir el incremento de las cuotas sin regulaci\u00f3n. S\u00f3lo deb\u00edan informarlo previamente, algo que ahora tambi\u00e9n se elimin\u00f3 con el decreto presidencial.<\/p>\n\n\n\n<p><strong>Fuente: www.diariouno.com.ar<\/strong><\/p>\n","protected":false},"excerpt":{"rendered":"<p>El Gobierno nacional avanz\u00f3 este martes con una nueva desregulaci\u00f3n: la de las cuotas de los\u00a0colegios privados. Derog\u00f3 el decreto N\u00b0 2.417\/1993, que durante 32 a\u00f1os regul\u00f3 el sistema de cuotas y la relaci\u00f3n entre el Estado y los institutos de gesti\u00f3n privada. Sin embargo esa liberaci\u00f3n no regir\u00e1 en Mendoza porque la\u00a0DGE\u00a0ya tiene un [&hellip;]<\/p>\n","protected":false},"author":2,"featured_media":15684,"comment_status":"open","ping_status":"open","sticky":false,"template":"","format":"standard","meta":[],"categories":[121],"tags":[],"_links":{"self":[{"href":"https:\/\/pasaenmendoza.com\/index.php?rest_route=\/wp\/v2\/posts\/15683"}],"collection":[{"href":"https:\/\/pasaenmendoza.com\/index.php?rest_route=\/wp\/v2\/posts"}],"about":[{"href":"https:\/\/pasaenmendoza.com\/index.php?rest_route=\/wp\/v2\/types\/post"}],"author":[{"embeddable":true,"href":"https:\/\/pasaenmendoza.com\/index.php?rest_route=\/wp\/v2\/users\/2"}],"replies":[{"embeddable":true,"href":"https:\/\/pasaenmendoza.com\/index.php?rest_route=%2Fwp%2Fv2%2Fcomments&post=15683"}],"version-history":[{"count":1,"href":"https:\/\/pasaenmendoza.com\/index.php?rest_route=\/wp\/v2\/posts\/15683\/revisions"}],"predecessor-version":[{"id":15685,"href":"https:\/\/pasaenmendoza.com\/index.php?rest_route=\/wp\/v2\/posts\/15683\/revisions\/15685"}],"wp:featuredmedia":[{"embeddable":true,"href":"https:\/\/pasaenmendoza.com\/index.php?rest_route=\/wp\/v2\/media\/15684"}],"wp:attachment":[{"href":"https:\/\/pasaenmendoza.com\/index.php?rest_route=%2Fwp%2Fv2%2Fmedia&parent=15683"}],"wp:term":[{"taxonomy":"category","embeddable":true,"href":"https:\/\/pasaenmendoza.com\/index.php?rest_route=%2Fwp%2Fv2%2Fcategories&post=15683"},{"taxonomy":"post_tag","embeddable":true,"href":"https:\/\/pasaenmendoza.com\/index.php?rest_route=%2Fwp%2Fv2%2Ftags&post=15683"}],"curies":[{"name":"wp","href":"https:\/\/api.w.org\/{rel}","templated":true}]}}