{"id":15699,"date":"2025-11-12T22:18:02","date_gmt":"2025-11-12T21:18:02","guid":{"rendered":"https:\/\/pasaenmendoza.com\/?p=15699"},"modified":"2025-11-12T22:18:03","modified_gmt":"2025-11-12T21:18:03","slug":"una-jugada-del-radicalismo-puso-al-pj-en-jaque-para-negociar-el-presupuesto-2026","status":"publish","type":"post","link":"https:\/\/pasaenmendoza.com\/?p=15699","title":{"rendered":"Una jugada del radicalismo puso al PJ en jaque para negociar el Presupuesto 2026"},"content":{"rendered":"\n<p>La foto de la cl\u00e1sica discusi\u00f3n por la toma de deuda del\u00a0<strong>Presupuesto<\/strong>\u00a0de Mendoza ya no ser\u00e1 la misma. Esa postal de los \u00faltimos a\u00f1os que sol\u00eda mostrar al oficialismo de Cambia Mendoza negociando con el<strong>\u00a0PJ<\/strong>\u00a0para lograr que los opositores acompa\u00f1aran con sus votos la\u00a0<strong>deuda<\/strong>\u00a0y el roll over, para lo que necesita los dos tercios de ambas c\u00e1maras, no se ver\u00e1.<\/p>\n\n\n\n<p>Es que este a\u00f1o el Gobierno movi\u00f3 las fichas y logr\u00f3 que un pu\u00f1ado de legisladores de&nbsp;<strong>La Uni\u00f3n Mendocina<\/strong>&nbsp;acompa\u00f1e su proyecto de pauta de gastos, por lo que ya no necesitar\u00e1 de los votos del PJ, con los que sol\u00eda dar duras negociaciones durante varios por d\u00edas.<\/p>\n\n\n\n<p>Por tanto el PJ mendocino se qued\u00f3 sin chances de pataleo y sin moneda de cambio para esa negociaci\u00f3n. Eso explica que esos legisladores demoraran en bajar al recinto para avanzar con la sesi\u00f3n de este mi\u00e9rcoles en la\u00a0<strong>C\u00e1mara de Diputados<\/strong>.<\/p>\n\n\n\n<p>Antes de que se conociera el respaldo de&nbsp;<strong>La Uni\u00f3n Mendocina<\/strong>, el pasado lunes hubo una reuni\u00f3n de intendentes del PJ en la que los jefes comunales -que hasta ese momento se sent\u00edan en posici\u00f3n de negociar- hab\u00edan acordado pedirle al Gobierno que incluyera en el Presupuesto 2026 una serie de obras para las comunas si quer\u00eda que los legisladores que les respond\u00edan a esos intendentes respaldaran la pauta de gastos.<\/p>\n\n\n\n<p>&#8220;Se propuso que se destinara un monto para los<strong>&nbsp;Programas de Infraestrctura Municipal<\/strong>&nbsp;pero desde el Gobierno no se quisieron comprometer con nada concreto&#8221;, cont\u00f3 uno de los jefes comunales peronistas.<\/p>\n\n\n\n<p>M\u00e1s tarde, cuando este martes trascendi\u00f3 que los negociadores de la&nbsp;<strong>UCR&nbsp;<\/strong>hab\u00edan cosechado avales de La Uni\u00f3n Mendocina, sobretodo para la deuda que prev\u00e9 destinar al Metrotranv\u00eda y al Tren de Cercan\u00edas, aquellas pretensiones se desmoronaron.<\/p>\n\n\n\n<p>La nueva respuesta del oficialismo es que en las arcas mendocinas no hab\u00eda fondos para las obras que pretend\u00edan los intendentes.<\/p>\n\n\n\n<p>Los vientos de negociaci\u00f3n hab\u00edan cambiado y era claro que el radicalismo ya no necesitaba de las voluntades del peronismo.<\/p>\n\n\n\n<p>Jorge Difonso, el sancarlino confirm\u00f3 que \u201cposiblemente\u201d La Uni\u00f3n Mendocina acompa\u00f1e los art\u00edculos 42 y 43 del proyecto sobre el financiamiento para el\u00a0<strong>Metrotranv\u00eda<\/strong>\u00a0y el\u00a0<strong>Tren de Cercan\u00edas<\/strong>\u00a0de Mendoza.<\/p>\n\n\n\n<p>En ese camino tambi\u00e9n se encuentran legisladores del&nbsp;<strong>bloque PRO<\/strong>, que compartieron el frente Provincias Unidas con Difonso en las elecciones pasadas.<\/p>\n\n\n\n<h2 class=\"wp-block-heading\">Los votos que cuenta el oficialismo para avanzar con el Presupuesto 2026<\/h2>\n\n\n\n<p>Puntualmente el Gobierno busca que con el Presupuesto 2026 se apruebe la&nbsp;<strong>autorizaci\u00f3n de un rollover de $350.000 millones<\/strong>&nbsp;para refinanciar deuda provincial y un&nbsp;<strong>endeudamiento de $240.000 millones<\/strong>&nbsp;destinados a concluir obras como la extensi\u00f3n del&nbsp;<strong>Metrotranv\u00eda<\/strong>&nbsp;y el&nbsp;<strong>Tren de Cercan\u00eda<\/strong>.<\/p>\n\n\n\n<p>Para eso necesita de los dos tercios, en principio de la C\u00e1mara de Diputados en donde arranc\u00f3 la discusi\u00f3n de esa pauta de gastos para el pr\u00f3ximo a\u00f1o.<\/p>\n\n\n\n<p>El oficialismo necesitar\u00e1 el apoyo de al menos 4 diputados opositores para alcanzar el n\u00famero especial de 32 votos positivos, que representa los dos tercios, y seg\u00fan las primeras negociaciones habr\u00eda alcanzado ese volumen de votos con el respaldo de los legisladores de La Uni\u00f3n Mendocina y el PRO.<\/p>\n\n\n\n<p><strong>Fuente: www.diariouno.com.ar<\/strong><\/p>\n","protected":false},"excerpt":{"rendered":"<p>La foto de la cl\u00e1sica discusi\u00f3n por la toma de deuda del\u00a0Presupuesto\u00a0de Mendoza ya no ser\u00e1 la misma. Esa postal de los \u00faltimos a\u00f1os que sol\u00eda mostrar al oficialismo de Cambia Mendoza negociando con el\u00a0PJ\u00a0para lograr que los opositores acompa\u00f1aran con sus votos la\u00a0deuda\u00a0y el roll over, para lo que necesita los dos tercios de [&hellip;]<\/p>\n","protected":false},"author":2,"featured_media":15701,"comment_status":"open","ping_status":"open","sticky":false,"template":"","format":"standard","meta":[],"categories":[47],"tags":[],"_links":{"self":[{"href":"https:\/\/pasaenmendoza.com\/index.php?rest_route=\/wp\/v2\/posts\/15699"}],"collection":[{"href":"https:\/\/pasaenmendoza.com\/index.php?rest_route=\/wp\/v2\/posts"}],"about":[{"href":"https:\/\/pasaenmendoza.com\/index.php?rest_route=\/wp\/v2\/types\/post"}],"author":[{"embeddable":true,"href":"https:\/\/pasaenmendoza.com\/index.php?rest_route=\/wp\/v2\/users\/2"}],"replies":[{"embeddable":true,"href":"https:\/\/pasaenmendoza.com\/index.php?rest_route=%2Fwp%2Fv2%2Fcomments&post=15699"}],"version-history":[{"count":1,"href":"https:\/\/pasaenmendoza.com\/index.php?rest_route=\/wp\/v2\/posts\/15699\/revisions"}],"predecessor-version":[{"id":15702,"href":"https:\/\/pasaenmendoza.com\/index.php?rest_route=\/wp\/v2\/posts\/15699\/revisions\/15702"}],"wp:featuredmedia":[{"embeddable":true,"href":"https:\/\/pasaenmendoza.com\/index.php?rest_route=\/wp\/v2\/media\/15701"}],"wp:attachment":[{"href":"https:\/\/pasaenmendoza.com\/index.php?rest_route=%2Fwp%2Fv2%2Fmedia&parent=15699"}],"wp:term":[{"taxonomy":"category","embeddable":true,"href":"https:\/\/pasaenmendoza.com\/index.php?rest_route=%2Fwp%2Fv2%2Fcategories&post=15699"},{"taxonomy":"post_tag","embeddable":true,"href":"https:\/\/pasaenmendoza.com\/index.php?rest_route=%2Fwp%2Fv2%2Ftags&post=15699"}],"curies":[{"name":"wp","href":"https:\/\/api.w.org\/{rel}","templated":true}]}}