{"id":1570,"date":"2023-09-19T15:30:31","date_gmt":"2023-09-19T13:30:31","guid":{"rendered":"https:\/\/pasaenmendoza.com\/?p=1570"},"modified":"2023-09-19T15:30:32","modified_gmt":"2023-09-19T13:30:32","slug":"incendio-en-san-agustin-los-9-lugares-donde-se-reciben-donaciones","status":"publish","type":"post","link":"https:\/\/pasaenmendoza.com\/?p=1570","title":{"rendered":"Incendio en San Agust\u00edn: los 9 lugares donde se reciben donaciones"},"content":{"rendered":"\n<p>\u00a0La\u00a0<strong>Ciudad de Mendoza<\/strong>\u00a0contin\u00faa con el megaoperativo integral para abordar y accionar en las consecuencias del\u00a0<strong>incendio<\/strong>\u00a0desatado durante la madrugada del s\u00e1bado 16 de septiembre en la\u00a0<strong>playa San Agust\u00edn<\/strong>, en La Favorita. Por ello, se lleva adelante una colecta solidaria para recaudar\u00a0<strong>donaciones<\/strong>\u00a0para las familias afectadas.<\/p>\n\n\n\n<p>La misma involucra elementos de primera necesidad como alimentos no perecederos, leche en polvo, agua, elementos de higiene personal y limpieza, ropa, entre otros. Las\u00a0<strong>donaciones<\/strong>\u00a0pueden acercarse a distintos puntos establecidos en la Ciudad (detallados a continuaci\u00f3n), de lunes a viernes en horario de 8.00 a 18.00.<\/p>\n\n\n\n<p>El equipo de la Secretar\u00eda de Gobierno, por pedido expl\u00edcito del intendente Ulpiano Suarez, ha conformado un comit\u00e9 de crisis abocado especialmente a las familias afectadas de los barrios Alto Mendoza y Libertador. En algunos casos, estas han sufrido p\u00e9rdidas totales en todas las dimensiones.<\/p>\n\n\n\n<p>De esta forma, se est\u00e1 realizando un abordaje territorial e integral que involucra las \u00e1reas de desarrollo humano, salud, educaci\u00f3n, g\u00e9nero, personas mayores, discapacidad y gesti\u00f3n territorial. Asimismo se est\u00e1 trabajando en conjunto y de manera articulada con la Secretar\u00eda de Desarrollo Urbano y la Secretar\u00eda de Seguridad Ciudadana.<\/p>\n\n\n\n<p>Dicho comit\u00e9 saldr\u00e1 a diario a recorrer las zonas afectadas para brindar asistencia a aquellos que lo requieran. El abordaje consiste en visitar casa por casa y entrevistar a las personas afectadas por el incidente, a quienes se les dispone de un acompa\u00f1amiento psicol\u00f3gico por el gran impacto y el posible shock que pudo haber ocasionado el siniestro.<\/p>\n\n\n\n<p><strong>Relevamiento<\/strong><\/p>\n\n\n\n<p>Este lunes se realiz\u00f3 un recorrido completo por las tres manzanas del barrio Libertador. All\u00ed, se registraron necesidades m\u00e9dicas y de salud leves; con asistencia de ambulancia, seg\u00fan requerimiento de las familias.<\/p>\n\n\n\n<p>Este martes 19 continuar\u00e1 el relevamiento en las manzanas afectadas del barrio Alto Mendoza. Asimismo, el comit\u00e9 de crisis saldr\u00e1 a diario a recorrer las zonas afectadas para brindar asistencia.<\/p>\n\n\n\n<p>Adem\u00e1s, continuar\u00e1 la entrega de materiales para techos de casas y construcciones que as\u00ed lo requieran. Luego del abordaje profesional, se otorgar\u00e1n a quienes efectivamente les corresponda recibirlos. Esto se suma a lo entregado el domingo 17 por el programa Techos, donde se facilitaron materiales (palos rollizos, membranas y machimbre para 750 metros cuadrados de techo) destinados a 14 familias afectadas.<\/p>\n\n\n\n<p><strong>Campa\u00f1a de donaci\u00f3n<\/strong><\/p>\n\n\n\n<p>Junto a diversas organizaciones, JCI Mendoza, Scouts de Argentina Z-28, AIESEC, Cruz Roja Argentina filial Mendoza y Bomberos Voluntarios, la Ciudad de Mendoza est\u00e1 realizando esta colecta que ayudar\u00e1 a los vecinos y vecinas damnificados, quienes hoy necesitan de todos.<\/p>\n\n\n\n<p><strong>\u00bfQu\u00e9 se necesita?<\/strong><\/p>\n\n\n\n<p>\u00datiles escolares (mochilas, cuadernos, hojas, l\u00e1pices, lapiceras, colores, reglas, gomas, fibras, etc.)<\/p>\n\n\n\n<p>Utensilios de cocina (cubiertos, platos, vasos, tuppers, ollas, sartenes, etc.)<\/p>\n\n\n\n<p>Alimentos no perecederos (arroz, fideos, harina, az\u00facar, conservas, galletas, cereales, t\u00e9, caf\u00e9, etc.)<\/p>\n\n\n\n<p>Leche en polvo<\/p>\n\n\n\n<p>Agua (embotellada y cerrada)<\/p>\n\n\n\n<p>Soda (embotellada y cerrada)<\/p>\n\n\n\n<p>Elementos de higiene personal (jab\u00f3n, shampoo, desodorante, toallitas h\u00famedas, toallitas higi\u00e9nicas, etc.)<\/p>\n\n\n\n<p>Pa\u00f1ales (desde RN -reci\u00e9n nacidos- hasta XXG)<\/p>\n\n\n\n<p>Elementos de limpieza (detergente, lavandina, desinfectantes, pa\u00f1os, rejillas, trapo de pisos, esponjas, escobas, etc.)<\/p>\n\n\n\n<p>S\u00e1banas de camas grande y chica<\/p>\n\n\n\n<p>Toallas y toallones<\/p>\n\n\n\n<p>Ropa interior para ni\u00f1os\/as y adultos (bombachas, corpi\u00f1os, calzoncillos, medias, bodys infantiles, camisetas, etc.)<\/p>\n\n\n\n<p>Ropa para ni\u00f1os\/as y adultos (pantalones, camisas, remeras, conjuntos de gimnasia, buzos, calzas, pullovers, camperas, etc.)<\/p>\n\n\n\n<p>Calzado para ni\u00f1os\/as y adultos (zapatillas, zapatos, sandalias, etc.)<\/p>\n\n\n\n<p>Muebles<\/p>\n\n\n\n<p>Pintura<\/p>\n\n\n\n<p><strong>Lugares de recepci\u00f3n de donaciones<\/strong><\/p>\n\n\n\n<p>Sal\u00f3n Comunitario B\u00b0 La Favorita (Carlos Berdasco s\/n, al lado del Centro de Salud 300)<\/p>\n\n\n\n<p>Gimnasio N\u00b0 5 (Acceso 1, frente al barrio Alto Mendoza)<\/p>\n\n\n\n<p>Centro Integrador Comunitario No 1 (San Mart\u00edn 3550)<\/p>\n\n\n\n<p>Centro Integrador Comunitario No 2 (Calle Ascasubi y Posta del Retamo s\/n &#8211; barrio Soberan\u00eda Nacional)<\/p>\n\n\n\n<p>Centro Integrador Comunitario No 3 (Tolosa y Potrerillos &#8211; barrio San Mart\u00edn)<\/p>\n\n\n\n<p>Centro Integrador Comunitario No 4 (Dr. Metraux 3061 &#8211; barrio Sanidad)<\/p>\n\n\n\n<p>NIDO (Calle La Esperanza y Aldo Giordano &#8211; barrio Olivares)<\/p>\n\n\n\n<p>ECoS (Av. Per\u00fa 1530, Ciudad)<\/p>\n\n\n\n<p>Centro de Atenci\u00f3n Tur\u00edstica (9 de julio 500)<\/p>\n\n\n\n<p>Horario de recepci\u00f3n de donaciones:<\/p>\n\n\n\n<p>Lunes a viernes, de 8.00 a 18.00 h<\/p>\n\n\n\n<p>El municipio aclar\u00f3 que su personal y las organizaciones que participan no solicitar\u00e1n ni recibir\u00e1n dinero en el marco de esta colecta.<\/p>\n\n\n\n<p><strong>Fuente: www.mendozapost.com<\/strong><\/p>\n","protected":false},"excerpt":{"rendered":"<p>\u00a0La\u00a0Ciudad de Mendoza\u00a0contin\u00faa con el megaoperativo integral para abordar y accionar en las consecuencias del\u00a0incendio\u00a0desatado durante la madrugada del s\u00e1bado 16 de septiembre en la\u00a0playa San Agust\u00edn, en La Favorita. Por ello, se lleva adelante una colecta solidaria para recaudar\u00a0donaciones\u00a0para las familias afectadas. La misma involucra elementos de primera necesidad como alimentos no perecederos, leche [&hellip;]<\/p>\n","protected":false},"author":2,"featured_media":1571,"comment_status":"open","ping_status":"open","sticky":false,"template":"","format":"standard","meta":[],"categories":[50],"tags":[],"_links":{"self":[{"href":"https:\/\/pasaenmendoza.com\/index.php?rest_route=\/wp\/v2\/posts\/1570"}],"collection":[{"href":"https:\/\/pasaenmendoza.com\/index.php?rest_route=\/wp\/v2\/posts"}],"about":[{"href":"https:\/\/pasaenmendoza.com\/index.php?rest_route=\/wp\/v2\/types\/post"}],"author":[{"embeddable":true,"href":"https:\/\/pasaenmendoza.com\/index.php?rest_route=\/wp\/v2\/users\/2"}],"replies":[{"embeddable":true,"href":"https:\/\/pasaenmendoza.com\/index.php?rest_route=%2Fwp%2Fv2%2Fcomments&post=1570"}],"version-history":[{"count":1,"href":"https:\/\/pasaenmendoza.com\/index.php?rest_route=\/wp\/v2\/posts\/1570\/revisions"}],"predecessor-version":[{"id":1572,"href":"https:\/\/pasaenmendoza.com\/index.php?rest_route=\/wp\/v2\/posts\/1570\/revisions\/1572"}],"wp:featuredmedia":[{"embeddable":true,"href":"https:\/\/pasaenmendoza.com\/index.php?rest_route=\/wp\/v2\/media\/1571"}],"wp:attachment":[{"href":"https:\/\/pasaenmendoza.com\/index.php?rest_route=%2Fwp%2Fv2%2Fmedia&parent=1570"}],"wp:term":[{"taxonomy":"category","embeddable":true,"href":"https:\/\/pasaenmendoza.com\/index.php?rest_route=%2Fwp%2Fv2%2Fcategories&post=1570"},{"taxonomy":"post_tag","embeddable":true,"href":"https:\/\/pasaenmendoza.com\/index.php?rest_route=%2Fwp%2Fv2%2Ftags&post=1570"}],"curies":[{"name":"wp","href":"https:\/\/api.w.org\/{rel}","templated":true}]}}