{"id":15704,"date":"2025-11-12T22:23:10","date_gmt":"2025-11-12T21:23:10","guid":{"rendered":"https:\/\/pasaenmendoza.com\/?p=15704"},"modified":"2025-11-12T22:23:11","modified_gmt":"2025-11-12T21:23:11","slug":"comenzo-el-paro-de-3-dias-convocado-por-los-gremios-en-las-universidades","status":"publish","type":"post","link":"https:\/\/pasaenmendoza.com\/?p=15704","title":{"rendered":"Comenz\u00f3 el paro de 3 d\u00edas convocado por los gremios en las universidades"},"content":{"rendered":"\n<p>Los gremios docentes y no docentes de las\u00a0<strong>universidades<\/strong>\u00a0nacionales iniciaron este mi\u00e9rcoles un paro de tres d\u00edas en reclamo de la inmediata aplicaci\u00f3n de la\u00a0<strong>Ley de Financiamiento Universitario<\/strong>, sancionada recientemente por el\u00a0<strong>Congreso<\/strong>. Exigen que la norma \u201cse haga efectiva sin m\u00e1s demora\u201d y denuncian el \u201cvaciamiento\u201d de la educaci\u00f3n p\u00fablica.<\/p>\n\n\n\n<p>La medida de fuerza cuenta con el respaldo de organizaciones estudiantiles, entre ellas la Federaci\u00f3n Universitaria Argentina (<strong>FUA<\/strong>).<\/p>\n\n\n\n<p>Desde los&nbsp;<strong>gremios&nbsp;<\/strong>universitarios se\u00f1alaron que el Gobierno de Javier Milei debe garantizar el cumplimiento \u201cefectivo\u201d de la ley y del Presupuesto para las&nbsp;<strong>universidades<\/strong>&nbsp;para permitir la \u201crecomposici\u00f3n salarial\u201d del sector y sostener \u201cla defensa de la educaci\u00f3n p\u00fablica\u201d.<\/p>\n\n\n\n<p>Pilar Barbas, dirigente de la FUA, advirti\u00f3 que los&nbsp;<strong>salarios<\/strong>&nbsp;\u201ca\u00fan no fueron recompuestos\u201d y lament\u00f3 que, pese a la tercera marcha federal en defensa de las&nbsp;<strong>universidades<\/strong>, el Presidente \u201csiga sin cumplir con la ley\u201d.<\/p>\n\n\n\n<p>\u201cHay que dejar de decir que no hay plata. Este Gobierno decidi\u00f3 el desfinanciamiento de las universidades nacionales y p\u00fablicas mientras destina fondos al pago de la deuda. Debemos profundizar las protestas contra la reforma laboral y el plan oficial, que atenta contra la\u00a0<strong>universidad p\u00fablica<\/strong>, los hospitales p\u00fablicos y los derechos laborales\u201d, afirm\u00f3.<\/p>\n\n\n\n<p>Por su parte, la secretaria general de la Asociaci\u00f3n Gremial Docente de la UBA (AGD\u2013UBA), Ileana Celoto, sostuvo que el paro busca \u201cfrenar el vaciamiento de la&nbsp;<strong>educaci\u00f3n p\u00fablica<\/strong>\u201d.<\/p>\n\n\n\n<p>\u201cLa ley debe aplicarse sin m\u00e1s demora, no solo porque es ley, sino porque no hacerlo es inconstitucional. Cada d\u00eda que pasa se profundiza el vaciamiento. Seg\u00fan lo que estipula la norma, ya nos adeudan un 44% de aumento. Esto ya no es un reclamo, es una deuda\u201d, subray\u00f3.<\/p>\n\n\n\n<h2 class=\"wp-block-heading\">La ley de financiamiento universitario<\/h2>\n\n\n\n<p>A fines de octubre, el Gobierno promulg\u00f3 las&nbsp;<strong>leyes de financiamiento para las universidades<\/strong>&nbsp;y de emergencia pedi\u00e1trica, pero posterg\u00f3 su aplicaci\u00f3n hasta que el Congreso determine las fuentes de financiamiento. En ese contexto, advirti\u00f3 que \u201ctoda ley que autorice o disponga gastos deber\u00e1 prever en forma expresa el financiamiento de los mismos; en caso contrario, quedar\u00e1 suspendida su ejecuci\u00f3n hasta tanto se incluyan las partidas correspondientes en el Presupuesto Nacional\u201d.<\/p>\n\n\n\n<p>Ante esa decisi\u00f3n,\u00a0el\u00a0<strong>Consejo Interuniversitario Nacional<\/strong>\u00a0(CIN) emiti\u00f3 un comunicado en el que anunci\u00f3 que las universidades p\u00fablicas reclamar\u00e1n judicialmente la plena vigencia de la norma aprobada por ambas c\u00e1maras.\u00a0Adem\u00e1s, resolvi\u00f3 solicitar al Congreso que apruebe el Presupuesto 2026 con la inclusi\u00f3n de los recursos previstos por la Ley de Financiamiento Universitario.<\/p>\n\n\n\n<h2 class=\"wp-block-heading\">Las claves del paro en las universidades<\/h2>\n\n\n\n<ul>\n<li><strong>La duraci\u00f3n:&nbsp;<\/strong>tres d\u00edas, con alcance nacional.<\/li>\n\n\n\n<li><strong>El reclamo central:<\/strong>&nbsp;aplicaci\u00f3n inmediata de la Ley de Financiamiento Universitario y recomposici\u00f3n salaria.<\/li>\n\n\n\n<li><strong>Adhieren:<\/strong>\u00a0gremios docentes y no docentes. Estudiantes de Federaci\u00f3n Universitaria Argentina (FUA) y centros de estudiantes.<\/li>\n<\/ul>\n\n\n\n<p><strong>Fuente: www.diariouno.com.ar<\/strong><\/p>\n","protected":false},"excerpt":{"rendered":"<p>Los gremios docentes y no docentes de las\u00a0universidades\u00a0nacionales iniciaron este mi\u00e9rcoles un paro de tres d\u00edas en reclamo de la inmediata aplicaci\u00f3n de la\u00a0Ley de Financiamiento Universitario, sancionada recientemente por el\u00a0Congreso. Exigen que la norma \u201cse haga efectiva sin m\u00e1s demora\u201d y denuncian el \u201cvaciamiento\u201d de la educaci\u00f3n p\u00fablica. La medida de fuerza cuenta con [&hellip;]<\/p>\n","protected":false},"author":2,"featured_media":15705,"comment_status":"open","ping_status":"open","sticky":false,"template":"","format":"standard","meta":[],"categories":[56],"tags":[],"_links":{"self":[{"href":"https:\/\/pasaenmendoza.com\/index.php?rest_route=\/wp\/v2\/posts\/15704"}],"collection":[{"href":"https:\/\/pasaenmendoza.com\/index.php?rest_route=\/wp\/v2\/posts"}],"about":[{"href":"https:\/\/pasaenmendoza.com\/index.php?rest_route=\/wp\/v2\/types\/post"}],"author":[{"embeddable":true,"href":"https:\/\/pasaenmendoza.com\/index.php?rest_route=\/wp\/v2\/users\/2"}],"replies":[{"embeddable":true,"href":"https:\/\/pasaenmendoza.com\/index.php?rest_route=%2Fwp%2Fv2%2Fcomments&post=15704"}],"version-history":[{"count":1,"href":"https:\/\/pasaenmendoza.com\/index.php?rest_route=\/wp\/v2\/posts\/15704\/revisions"}],"predecessor-version":[{"id":15706,"href":"https:\/\/pasaenmendoza.com\/index.php?rest_route=\/wp\/v2\/posts\/15704\/revisions\/15706"}],"wp:featuredmedia":[{"embeddable":true,"href":"https:\/\/pasaenmendoza.com\/index.php?rest_route=\/wp\/v2\/media\/15705"}],"wp:attachment":[{"href":"https:\/\/pasaenmendoza.com\/index.php?rest_route=%2Fwp%2Fv2%2Fmedia&parent=15704"}],"wp:term":[{"taxonomy":"category","embeddable":true,"href":"https:\/\/pasaenmendoza.com\/index.php?rest_route=%2Fwp%2Fv2%2Fcategories&post=15704"},{"taxonomy":"post_tag","embeddable":true,"href":"https:\/\/pasaenmendoza.com\/index.php?rest_route=%2Fwp%2Fv2%2Ftags&post=15704"}],"curies":[{"name":"wp","href":"https:\/\/api.w.org\/{rel}","templated":true}]}}