{"id":15707,"date":"2025-11-13T22:20:34","date_gmt":"2025-11-13T21:20:34","guid":{"rendered":"https:\/\/pasaenmendoza.com\/?p=15707"},"modified":"2025-11-13T22:20:47","modified_gmt":"2025-11-13T21:20:47","slug":"este-jueves-por-la-noche-vuelve-la-alerta-amarilla-por-tormentas-segun-el-servicio-meteorologico","status":"publish","type":"post","link":"https:\/\/pasaenmendoza.com\/?p=15707","title":{"rendered":"Este jueves por la noche vuelve la alerta amarilla por tormentas seg\u00fan el Servicio Meteorol\u00f3gico"},"content":{"rendered":"\n<p>Despu\u00e9s de una semana de fuertes\u00a0<strong>tormentas<\/strong>, en las que en algunas zonas de\u00a0<strong>Mendoza<\/strong>\u00a0llovi\u00f3 m\u00e1s que el promedio hist\u00f3rico para noviembre, este jueves por la noche vuelve la<strong>\u00a0alerta<\/strong>\u00a0<strong>amarilla<\/strong>\u00a0en el Gran Mendoza y otras zonas de la provincia, como el Valle de Uco, alta monta\u00f1a y la zona baja de San Rafael. En tanto, el viernes 14 podr\u00eda volver a llover, por la ma\u00f1ana y la tarde.<\/p>\n\n\n\n<p>El s\u00e1bado 15 de noviembre aparece despejado y con sol en los mapas clim\u00e1ticos. El&nbsp;<strong>Servicio Meteorol\u00f3gico Nacional&nbsp;<\/strong>detall\u00f3 qu\u00e9 sectores deber\u00e1n estar alertas.<\/p>\n\n\n\n<h2 class=\"wp-block-heading\">Qu\u00e9 zonas de Mendoza se ver\u00e1n afectadas por las tormentas<\/h2>\n\n\n\n<p>Seg\u00fan el SMN, las zonas afectadas ser\u00e1n, adem\u00e1s del Gran Mendoza, la precordillera de Luj\u00e1n de Cuyo y Las Heras, Jun\u00edn, Rivadavia, el Valle de Luj\u00e1n, Tupungato, Tunuy\u00e1n y San Carlos y la zona baja de San Rafael.<\/p>\n\n\n\n<p>El pron\u00f3stico extendido muestra que habr\u00e1 &#8220;fuertes\u00a0<strong>tormentas<\/strong>&#8221; y por esto se emiti\u00f3<strong>\u00a0alerta<\/strong>\u00a0amarilla. &#8220;El \u00e1rea ser\u00e1 afectada por tormentas aisladas de variada intensidad, algunas localmente fuertes. Las mismas podr\u00e1n estar acompa\u00f1adas por abundantes lluvias en cortos per\u00edodos, granizo, r\u00e1fagas de hasta 70 km\/h y frecuente actividad el\u00e9ctrica. Se prev\u00e9n valores de precipitaci\u00f3n acumulada entre 10 y 30 mm, que pueden ser superados en forma puntual&#8221;, indic\u00f3 el Servicio Meteorol\u00f3gico Nacional.<\/p>\n\n\n\n<figure class=\"wp-block-image\" id=\"1727023-Libre-820027528_wrap\"><img decoding=\"async\" src=\"https:\/\/media.diariouno.com.ar\/p\/a7a5d5aedf43a61b22bfc480765717be\/adjuntos\/298\/imagenes\/009\/656\/0009656195\/1200x0\/smart\/tormentas-mendoza-jueves-13-noviembre.JPG\" alt=\"\" title=\"\"\/><\/figure>\n\n\n\n<p>El tiempo comenzar\u00e1 a desmejorar en la tarde, y llegando a la noche la posibilidad de<strong>&nbsp;tormentas<\/strong>&nbsp;crece: entre 40% y 70% de probabilidades de que este fen\u00f3meno sea intenso.<\/p>\n\n\n\n<h2 class=\"wp-block-heading\">Cu\u00e1nto llovi\u00f3 durante los primeros d\u00edas de noviembre<\/h2>\n\n\n\n<p>Seg\u00fan Santiago Ruiz Freites, subgerente del Instituto Nacional del Agua (INA) quienes realizan mediciones en el Gran Mendoza, el Este y Valle de Uco, el promedio hist\u00f3rico de&nbsp;<strong>lluvias<\/strong>&nbsp;para noviembre es de 22 mm. Mientras que el r\u00e9cord ocurri\u00f3 en el 2015, cuando llovi\u00f3 94 mm durante ese mes.<\/p>\n\n\n\n<p>En la actualidad,\u00a0hay zonas de Mendoza en las que ya llovi\u00f3 m\u00e1s que ese promedio. Seg\u00fan el especialista, en las zonas que el INA tiene pluviomedidores, en zonas de Luj\u00e1n llovi\u00f3 hasta el 7 de noviembre 23 mm y en San Mart\u00edn, el agua super\u00f3 los 34 mm.<\/p>\n\n\n\n<p>Ruiz Freites manifest\u00f3 que el promedio hist\u00f3rico podr\u00eda superarse en otras zonas de la provincia si contin\u00faan las\u00a0<strong>tormentas<\/strong>.<\/p>\n\n\n\n<p><strong>Fuente: www.diariouno.com.ar<\/strong><\/p>\n","protected":false},"excerpt":{"rendered":"<p>Despu\u00e9s de una semana de fuertes\u00a0tormentas, en las que en algunas zonas de\u00a0Mendoza\u00a0llovi\u00f3 m\u00e1s que el promedio hist\u00f3rico para noviembre, este jueves por la noche vuelve la\u00a0alerta\u00a0amarilla\u00a0en el Gran Mendoza y otras zonas de la provincia, como el Valle de Uco, alta monta\u00f1a y la zona baja de San Rafael. En tanto, el viernes 14 [&hellip;]<\/p>\n","protected":false},"author":2,"featured_media":15708,"comment_status":"open","ping_status":"open","sticky":false,"template":"","format":"standard","meta":[],"categories":[52],"tags":[],"_links":{"self":[{"href":"https:\/\/pasaenmendoza.com\/index.php?rest_route=\/wp\/v2\/posts\/15707"}],"collection":[{"href":"https:\/\/pasaenmendoza.com\/index.php?rest_route=\/wp\/v2\/posts"}],"about":[{"href":"https:\/\/pasaenmendoza.com\/index.php?rest_route=\/wp\/v2\/types\/post"}],"author":[{"embeddable":true,"href":"https:\/\/pasaenmendoza.com\/index.php?rest_route=\/wp\/v2\/users\/2"}],"replies":[{"embeddable":true,"href":"https:\/\/pasaenmendoza.com\/index.php?rest_route=%2Fwp%2Fv2%2Fcomments&post=15707"}],"version-history":[{"count":1,"href":"https:\/\/pasaenmendoza.com\/index.php?rest_route=\/wp\/v2\/posts\/15707\/revisions"}],"predecessor-version":[{"id":15709,"href":"https:\/\/pasaenmendoza.com\/index.php?rest_route=\/wp\/v2\/posts\/15707\/revisions\/15709"}],"wp:featuredmedia":[{"embeddable":true,"href":"https:\/\/pasaenmendoza.com\/index.php?rest_route=\/wp\/v2\/media\/15708"}],"wp:attachment":[{"href":"https:\/\/pasaenmendoza.com\/index.php?rest_route=%2Fwp%2Fv2%2Fmedia&parent=15707"}],"wp:term":[{"taxonomy":"category","embeddable":true,"href":"https:\/\/pasaenmendoza.com\/index.php?rest_route=%2Fwp%2Fv2%2Fcategories&post=15707"},{"taxonomy":"post_tag","embeddable":true,"href":"https:\/\/pasaenmendoza.com\/index.php?rest_route=%2Fwp%2Fv2%2Ftags&post=15707"}],"curies":[{"name":"wp","href":"https:\/\/api.w.org\/{rel}","templated":true}]}}