{"id":15710,"date":"2025-11-13T22:25:40","date_gmt":"2025-11-13T21:25:40","guid":{"rendered":"https:\/\/pasaenmendoza.com\/?p=15710"},"modified":"2025-11-13T22:25:41","modified_gmt":"2025-11-13T21:25:41","slug":"diego-santilli-agendo-para-este-viernes-su-encuentro-en-mendoza-con-alfredo-cornejo","status":"publish","type":"post","link":"https:\/\/pasaenmendoza.com\/?p=15710","title":{"rendered":"Diego Santilli agend\u00f3 para este viernes su encuentro en Mendoza con Alfredo Cornejo"},"content":{"rendered":"\n<p>Apenas tres d\u00edas despu\u00e9s de haber jurado como ministro del Interior de la Naci\u00f3n,\u00a0<strong>Diego Santilli<\/strong>\u00a0tiene programada una visita a Mendoza para reunirse con el gobernador\u00a0<strong>Alfredo Cornejo.\u00a0<\/strong>Ser\u00e1 este viernes 14.<\/p>\n\n\n\n<p>El de nuestra provincia ser\u00e1 el s\u00e9ptimo de los&nbsp;<strong>gobernadores<\/strong>&nbsp;en la lista que arm\u00f3 el flamante integrante del Gabinete de Javier Milei. Ya se reuni\u00f3 con el entrerriano Rogelio Frigerio y para este jueves est\u00e1 previsto que lo haga con Gustavo S\u00e1enz, de Salta. El mismo d\u00eda que prest\u00f3 juramento se encontr\u00f3 con el sanjuanino Marcelo Orrego y d\u00edas atr\u00e1s a\u00fan sin ser ministro, ya hab\u00eda dialogado con otros tres mandatarios.<\/p>\n\n\n\n<p>La visita de\u00a0<strong>Santilli\u00a0<\/strong>a Mendoza, de la que no se conocen todav\u00eda detalles de horarios, coincidir\u00e1 con la de otro ministro, el de Regulaci\u00f3n\u00a0Federico Sturzenegger quien vendr\u00e1 para explicar las decisiones tomadas respecto al Instituto Nacional de Vitivinicultura (INV).<\/p>\n\n\n\n<h2 class=\"wp-block-heading\">Santilli en busca de consenso para el Presupuesto 2026<\/h2>\n\n\n\n<p><strong>Diego Santilli\u00a0<\/strong>asumi\u00f3 con ministro del Interior el mi\u00e9rcoles aunque en los hechos ya hab\u00eda comenzado a actual como tal unos d\u00edas antes. El Colorado, que fue\u00a0electo diputado nacional por La Libertad Avanza\u00a0en los comicios de octubre no se sumar\u00e1 al Congreso, cuando se renueven las c\u00e1maras en diciembre pr\u00f3ximo. Su decisi\u00f3n fue sumarse al equipo de gesti\u00f3n de Javier Milei.<\/p>\n\n\n\n<p>En Mendoza,&nbsp;<strong>Santilli&nbsp;<\/strong>buscar\u00e1 seguir con lo que llam\u00f3 &#8220;una semana a pleno&#8221;, con encuentros para buscar apoyo para el Presupuesto 2026 que, de ser aprobado, ser\u00e1 el primero del que dispondr\u00e1 Milei luego de que en 2024 y 2025 no lograra el aval legislativo.<\/p>\n\n\n\n<p>Adem\u00e1s del&nbsp;<strong>Presupuesto<\/strong>, las conversaciones incluyen tambi\u00e9n las futuras reformas estructurales que quiere implementar el presidente Javier Milei, entre ellas la laboral, la impositiva y la del C\u00f3digo Penal.<\/p>\n\n\n\n<p>Santilli continuar\u00e1 este jueves su ronda de reuniones con gobernadores y recibir\u00e1 en Casa Rosada al mandatario de Salta, Gustavo S\u00e1enz, para avanzar en esos consensos para que se apruebe el&nbsp;<strong>Presupuesto 2026<\/strong>&nbsp;en el Congreso.<\/p>\n\n\n\n<p>Luego de su encuentro de este mi\u00e9rcoles en Entre R\u00edos con el mandatario Rogelio Frigerio, el funcionario se ver\u00e1 ma\u00f1ana con S\u00e1enz, otro de los&nbsp;<strong>gobernadores<\/strong>&nbsp;que la gesti\u00f3n libertaria cataloga como \u201caliado\u201d.<\/p>\n\n\n\n<p>No obstante, poco antes de las elecciones legislativas en las que La Libertad Avanza (LLA) logr\u00f3 un claro triunfo, S\u00e1enz hab\u00eda concurrido a las puertas de la Rosada y realiz\u00f3 all\u00ed una \u201cguitarreada\u201d para reclamar que el Gobierno atendiera los pedidos que hab\u00eda hecho en distintas reuniones con autoridades nacionales.<\/p>\n\n\n\n<p>Tras esa pintoresca protesta, sali\u00f3 a atenderlo a la vereda el entonces jefe de Gabinete<strong>&nbsp;Guillermo Francos,<\/strong>&nbsp;y luego el asesor presidencial Santiago Caputo lo hizo pasar a la Rosada.<\/p>\n\n\n\n<p>La agenda de reuniones de Santilli con gobernadores seguir\u00e1 el viernes con el viaje a&nbsp;<strong>Mendoza&nbsp;<\/strong>para encontrarse con el gobernador Alfredo Cornejo y, al d\u00eda siguiente, se trasladar\u00e1 a Neuqu\u00e9n para hacer lo propio con Rolando Figueroa.<\/p>\n\n\n\n<p>Las reuniones bilaterales con los mandatarios provinciales se iniciaron la semana pasada en la Rosada con las visitas de\u00a0<strong>Ignacio Torres (Chubut) y Ra\u00fal Jalil (Catamarca)<\/strong>, y continuaron con\u00a0<strong>Marcelo Orrego (San Juan) y Mart\u00edn Llaryora (C\u00f3rdoba).<\/strong><\/p>\n\n\n\n<h2 class=\"wp-block-heading\">No se reunir\u00e1 con Kicillof<\/h2>\n\n\n\n<p>Tras responder brevemente el pedido de reuni\u00f3n formulado por el gobierno de la provincia de Buenos Aires y y se\u00f1ala que<strong>&nbsp;\u201ctom\u00f3 nota\u201d&nbsp;<\/strong>de la solicitud, Santilli finalmente descart\u00f3 reunirse con Axel Kicillof.<\/p>\n\n\n\n<p><strong>\u201c\u00a1Dale Carli, gracias! Tomo nota\u201d<\/strong>, expres\u00f3 Santilli desde sus redes sociales, al hacerse eco de una publicaci\u00f3n del ministro de Gobierno bonaerense,&nbsp;<strong>Carlos Bianco<\/strong>, quien hab\u00eda compartido la solicitud formal de una reuni\u00f3n con el Poder Ejecutivo para&nbsp;<strong>\u201creclamar los fondos que el gobierno nacional le quit\u00f3 a los bonaerenses y retomar la ejecuci\u00f3n de las 1000 obras que dejaron abandonadas\u201d<\/strong>&nbsp;en el distrito.<\/p>\n\n\n\n<p>Horas m\u00e1s tarde, el ministro del Interior desalent\u00f3 cualquier posibilidad de un encuentro con el gobernador de Buenos Aires.<\/p>\n\n\n\n<p>\u201cHay que ser coherentes y no tener doble personalidad. Voy a estar visitando a todos los que firmaron el Pacto de Mayo, Kicillof no particip\u00f3. No adhiri\u00f3 al RIGI, no adhiri\u00f3 a la Ley de Reiterancia para terminar con la puerta giratoria, no adhiri\u00f3 a la Ley Antimafia. \u00bfAcaso le tiene que pedir permiso a Cristina Kirchner?\u201d, sostuvo Santilli en una conferencia de prensa conjunta tras la reuni\u00f3n.<\/p>\n\n\n\n<p>Y agreg\u00f3: \u201cSeamos consecuentes y coherentes. No decir una cosa en un lado y otra despu\u00e9s en otro lado. No escribir una cosa en redes y decir otra\u201d.<\/p>\n\n\n\n<p><strong>Fuente: www.diariouno.com.ar<\/strong><\/p>\n","protected":false},"excerpt":{"rendered":"<p>Apenas tres d\u00edas despu\u00e9s de haber jurado como ministro del Interior de la Naci\u00f3n,\u00a0Diego Santilli\u00a0tiene programada una visita a Mendoza para reunirse con el gobernador\u00a0Alfredo Cornejo.\u00a0Ser\u00e1 este viernes 14. El de nuestra provincia ser\u00e1 el s\u00e9ptimo de los&nbsp;gobernadores&nbsp;en la lista que arm\u00f3 el flamante integrante del Gabinete de Javier Milei. Ya se reuni\u00f3 con el [&hellip;]<\/p>\n","protected":false},"author":2,"featured_media":15711,"comment_status":"open","ping_status":"open","sticky":false,"template":"","format":"standard","meta":[],"categories":[47],"tags":[],"_links":{"self":[{"href":"https:\/\/pasaenmendoza.com\/index.php?rest_route=\/wp\/v2\/posts\/15710"}],"collection":[{"href":"https:\/\/pasaenmendoza.com\/index.php?rest_route=\/wp\/v2\/posts"}],"about":[{"href":"https:\/\/pasaenmendoza.com\/index.php?rest_route=\/wp\/v2\/types\/post"}],"author":[{"embeddable":true,"href":"https:\/\/pasaenmendoza.com\/index.php?rest_route=\/wp\/v2\/users\/2"}],"replies":[{"embeddable":true,"href":"https:\/\/pasaenmendoza.com\/index.php?rest_route=%2Fwp%2Fv2%2Fcomments&post=15710"}],"version-history":[{"count":1,"href":"https:\/\/pasaenmendoza.com\/index.php?rest_route=\/wp\/v2\/posts\/15710\/revisions"}],"predecessor-version":[{"id":15712,"href":"https:\/\/pasaenmendoza.com\/index.php?rest_route=\/wp\/v2\/posts\/15710\/revisions\/15712"}],"wp:featuredmedia":[{"embeddable":true,"href":"https:\/\/pasaenmendoza.com\/index.php?rest_route=\/wp\/v2\/media\/15711"}],"wp:attachment":[{"href":"https:\/\/pasaenmendoza.com\/index.php?rest_route=%2Fwp%2Fv2%2Fmedia&parent=15710"}],"wp:term":[{"taxonomy":"category","embeddable":true,"href":"https:\/\/pasaenmendoza.com\/index.php?rest_route=%2Fwp%2Fv2%2Fcategories&post=15710"},{"taxonomy":"post_tag","embeddable":true,"href":"https:\/\/pasaenmendoza.com\/index.php?rest_route=%2Fwp%2Fv2%2Ftags&post=15710"}],"curies":[{"name":"wp","href":"https:\/\/api.w.org\/{rel}","templated":true}]}}