{"id":15719,"date":"2025-11-14T13:28:38","date_gmt":"2025-11-14T12:28:38","guid":{"rendered":"https:\/\/pasaenmendoza.com\/?p=15719"},"modified":"2025-11-14T13:28:39","modified_gmt":"2025-11-14T12:28:39","slug":"clima-en-mendoza-caluroso-y-con-alertas-por-tormentas-y-caida-de-granizo","status":"publish","type":"post","link":"https:\/\/pasaenmendoza.com\/?p=15719","title":{"rendered":"Clima en Mendoza: caluroso y con alertas por tormentas y ca\u00edda de granizo"},"content":{"rendered":"\n<p>El Servicio Meteorol\u00f3gico Nacional activ\u00f3 un sistema de advertencias que abarca casi toda la provincia ante el avance de tormentas fuertes previstas para este viernes El organismo dispuso alertas de distinto nivel seg\u00fan la zona, con especial atenci\u00f3n en el Este, Valle de Uco y Sur provincial, donde se anticipan fen\u00f3menos de mayor intensidad durante la tarde y la noche.<\/p>\n\n\n\n<p>Las \u00e1reas bajo alerta naranja incluyen Jun\u00edn, Rivadavia, Luj\u00e1n de Cuyo, Tupungato, Tunuy\u00e1n, San Carlos, San Rafael, General Alvear, Santa Rosa, La Paz, San Mart\u00edn, Lavalle y el sector este de Las Heras. El SMN advierte que all\u00ed podr\u00edan registrarse tormentas localmente severas, con precipitaciones intensas en lapsos breves, ca\u00edda de granizo, descargas el\u00e9ctricas frecuentes y r\u00e1fagas que en algunos casos superar\u00edan los 90 km\/h. En Capital, Godoy Cruz, Guaymall\u00e9n, Maip\u00fa y Malarg\u00fce rige un alerta amarillo, con tormentas aisladas que tambi\u00e9n pueden presentarse con granizo ocasional, lluvias abundantes y vientos de hasta 70 km\/h.<\/p>\n\n\n\n<p>El pron\u00f3stico extendido de Contingencias Clim\u00e1ticas prev\u00e9 para este viernes nubosidad variable y tormentas con granizo, adem\u00e1s de nevadas en cordillera. La temperatura se mantendr\u00e1 estable, con una m\u00ednima de 16\u00b0C y una m\u00e1xima de 31\u00b0C. Los modelos anticipan un escenario similar para el s\u00e1bado, aunque con la posibilidad de viento Zonda en cordillera y en Malarg\u00fce, y vientos fuertes del sur asociados al ingreso de un frente fr\u00edo.<\/p>\n\n\n\n<p><strong>Fuente: www.elsol.com.ar<\/strong><\/p>\n","protected":false},"excerpt":{"rendered":"<p>El Servicio Meteorol\u00f3gico Nacional activ\u00f3 un sistema de advertencias que abarca casi toda la provincia ante el avance de tormentas fuertes previstas para este viernes El organismo dispuso alertas de distinto nivel seg\u00fan la zona, con especial atenci\u00f3n en el Este, Valle de Uco y Sur provincial, donde se anticipan fen\u00f3menos de mayor intensidad durante [&hellip;]<\/p>\n","protected":false},"author":2,"featured_media":15720,"comment_status":"open","ping_status":"open","sticky":false,"template":"","format":"standard","meta":[],"categories":[52],"tags":[],"_links":{"self":[{"href":"https:\/\/pasaenmendoza.com\/index.php?rest_route=\/wp\/v2\/posts\/15719"}],"collection":[{"href":"https:\/\/pasaenmendoza.com\/index.php?rest_route=\/wp\/v2\/posts"}],"about":[{"href":"https:\/\/pasaenmendoza.com\/index.php?rest_route=\/wp\/v2\/types\/post"}],"author":[{"embeddable":true,"href":"https:\/\/pasaenmendoza.com\/index.php?rest_route=\/wp\/v2\/users\/2"}],"replies":[{"embeddable":true,"href":"https:\/\/pasaenmendoza.com\/index.php?rest_route=%2Fwp%2Fv2%2Fcomments&post=15719"}],"version-history":[{"count":1,"href":"https:\/\/pasaenmendoza.com\/index.php?rest_route=\/wp\/v2\/posts\/15719\/revisions"}],"predecessor-version":[{"id":15721,"href":"https:\/\/pasaenmendoza.com\/index.php?rest_route=\/wp\/v2\/posts\/15719\/revisions\/15721"}],"wp:featuredmedia":[{"embeddable":true,"href":"https:\/\/pasaenmendoza.com\/index.php?rest_route=\/wp\/v2\/media\/15720"}],"wp:attachment":[{"href":"https:\/\/pasaenmendoza.com\/index.php?rest_route=%2Fwp%2Fv2%2Fmedia&parent=15719"}],"wp:term":[{"taxonomy":"category","embeddable":true,"href":"https:\/\/pasaenmendoza.com\/index.php?rest_route=%2Fwp%2Fv2%2Fcategories&post=15719"},{"taxonomy":"post_tag","embeddable":true,"href":"https:\/\/pasaenmendoza.com\/index.php?rest_route=%2Fwp%2Fv2%2Ftags&post=15719"}],"curies":[{"name":"wp","href":"https:\/\/api.w.org\/{rel}","templated":true}]}}