{"id":15722,"date":"2025-11-14T13:39:46","date_gmt":"2025-11-14T12:39:46","guid":{"rendered":"https:\/\/pasaenmendoza.com\/?p=15722"},"modified":"2025-11-14T13:39:47","modified_gmt":"2025-11-14T12:39:47","slug":"un-chico-de-15-anos-detenido-por-robar-en-una-concesionaria-de-motos","status":"publish","type":"post","link":"https:\/\/pasaenmendoza.com\/?p=15722","title":{"rendered":"Un chico de 15 a\u00f1os detenido por robar en una concesionaria de motos"},"content":{"rendered":"\n<p>En la madrugada de este\u00a0<strong>viernes 14 de noviembre<\/strong>, una concesionaria de\u00a0<strong>motos ubicada<\/strong>\u00a0en la intersecci\u00f3n de las calles<strong>\u00a0Col\u00f3n y 9 de Julio<\/strong>, en pleno microcentro de Mendoza, fue blanco de un nuevo robo. Este incidente se produce apenas un mes despu\u00e9s de que el mismo local,\u00a0&#8220;CF MOTO&#8221;, fuera asaltado el pasado 15 de octubre.\u00a0<strong>Un menor de 15 a\u00f1os fue detenido tras una persecuci\u00f3n.<\/strong><\/p>\n\n\n\n<p>El incidente ocurri\u00f3 alrededor de las 03:45 horas. La v\u00edctima report\u00f3 que tres individuos forzaron la persiana del comercio y rompieron la vidriera, desde donde<strong>\u00a0sustrajeron una moto MT650 en colores azul y gris, as\u00ed como cuatro cascos.<\/strong><\/p>\n\n\n\n<p>Transe\u00fantes alertaron al 911 sobre lo sucedido, y los delincuentes intentaron huir en contramano por calle Espa\u00f1a. Las autoridades preventivas llegaron al lugar justo cuando el menor, de 15 a\u00f1os, sali\u00f3 del interior y trat\u00f3 de escapar, siendo aprehendido minutos despu\u00e9s en la intersecci\u00f3n de Pedro Molina y Espa\u00f1a.<\/p>\n\n\n\n<p>La polic\u00eda tambi\u00e9n realiz\u00f3 un amplio patrullaje para localizar a los otros dos implicados, aunque hasta el momento no se han obtenido resultados. Se lograron recuperar tres de los cascos sustra\u00eddos. Personal de la Unidad de Investigaciones Departamentales (UID) y Polic\u00eda Cient\u00edfica trabaj\u00f3 en el sitio para recabar evidencias, y la Oficina Fiscal dispuso el traslado del menor a la sede judicial.<\/p>\n\n\n\n<p>La ministra de Seguridad de Mendoza,\u00a0Mercedes Rus, se pronunci\u00f3 a trav\u00e9s de la red social X, expresando su frustraci\u00f3n ante la reiteraci\u00f3n de estos hechos: &#8220;Un menor de 15 a\u00f1os volvi\u00f3 a atacar el comercio de motos de calle Col\u00f3n. Si bien se logr\u00f3 la detenci\u00f3n, el sentimiento de impunidad nos atraviesa y hiere. Vamos a reforzar a\u00fan m\u00e1s la Ciudad, pero necesitamos que el Congreso avance en la actualizaci\u00f3n de la ley de imputabilidad&#8221;.<\/p>\n\n\n\n<p>Cabe recordar que, en el robo anterior, ocurrido el 15 de octubre, la concesionaria &#8220;CF MOTO&#8221; fue v\u00edctima de un audaz golpe en el que los delincuentes, tras forzar las puertas con una barreta, sustrajeron cuatro motos 0 km. Las c\u00e1maras de seguridad captaron a tres individuos huyendo con los veh\u00edculos robados.<\/p>\n\n\n\n<p>Este nuevo incidente ha generado preocupaci\u00f3n entre los comerciantes y vecinos del microcentro mendocino, quienes exigen mayores medidas de seguridad para prevenir este tipo de delitos.<\/p>\n\n\n\n<p><strong>Fuente: www.mendozapost.com<\/strong><\/p>\n","protected":false},"excerpt":{"rendered":"<p>En la madrugada de este\u00a0viernes 14 de noviembre, una concesionaria de\u00a0motos ubicada\u00a0en la intersecci\u00f3n de las calles\u00a0Col\u00f3n y 9 de Julio, en pleno microcentro de Mendoza, fue blanco de un nuevo robo. Este incidente se produce apenas un mes despu\u00e9s de que el mismo local,\u00a0&#8220;CF MOTO&#8221;, fuera asaltado el pasado 15 de octubre.\u00a0Un menor de [&hellip;]<\/p>\n","protected":false},"author":2,"featured_media":15723,"comment_status":"open","ping_status":"open","sticky":false,"template":"","format":"standard","meta":[],"categories":[48],"tags":[],"_links":{"self":[{"href":"https:\/\/pasaenmendoza.com\/index.php?rest_route=\/wp\/v2\/posts\/15722"}],"collection":[{"href":"https:\/\/pasaenmendoza.com\/index.php?rest_route=\/wp\/v2\/posts"}],"about":[{"href":"https:\/\/pasaenmendoza.com\/index.php?rest_route=\/wp\/v2\/types\/post"}],"author":[{"embeddable":true,"href":"https:\/\/pasaenmendoza.com\/index.php?rest_route=\/wp\/v2\/users\/2"}],"replies":[{"embeddable":true,"href":"https:\/\/pasaenmendoza.com\/index.php?rest_route=%2Fwp%2Fv2%2Fcomments&post=15722"}],"version-history":[{"count":1,"href":"https:\/\/pasaenmendoza.com\/index.php?rest_route=\/wp\/v2\/posts\/15722\/revisions"}],"predecessor-version":[{"id":15724,"href":"https:\/\/pasaenmendoza.com\/index.php?rest_route=\/wp\/v2\/posts\/15722\/revisions\/15724"}],"wp:featuredmedia":[{"embeddable":true,"href":"https:\/\/pasaenmendoza.com\/index.php?rest_route=\/wp\/v2\/media\/15723"}],"wp:attachment":[{"href":"https:\/\/pasaenmendoza.com\/index.php?rest_route=%2Fwp%2Fv2%2Fmedia&parent=15722"}],"wp:term":[{"taxonomy":"category","embeddable":true,"href":"https:\/\/pasaenmendoza.com\/index.php?rest_route=%2Fwp%2Fv2%2Fcategories&post=15722"},{"taxonomy":"post_tag","embeddable":true,"href":"https:\/\/pasaenmendoza.com\/index.php?rest_route=%2Fwp%2Fv2%2Ftags&post=15722"}],"curies":[{"name":"wp","href":"https:\/\/api.w.org\/{rel}","templated":true}]}}