{"id":15728,"date":"2025-11-14T13:47:15","date_gmt":"2025-11-14T12:47:15","guid":{"rendered":"https:\/\/pasaenmendoza.com\/?p=15728"},"modified":"2025-11-14T13:47:16","modified_gmt":"2025-11-14T12:47:16","slug":"visitas-nacionales-este-viernes-llegan-a-mendoza-dos-ministros-de-javier-milei","status":"publish","type":"post","link":"https:\/\/pasaenmendoza.com\/?p=15728","title":{"rendered":"Visitas nacionales: este viernes llegan a Mendoza dos ministros de Javier Milei"},"content":{"rendered":"\n<p>Este viernes, Mendoza ser\u00e1 el destino de dos integrantes clave en el equipo de Gabinete del presidente de la Naci\u00f3n,&nbsp;<strong>Javier Milei<\/strong>. Se trata de, por un lado, el flamante ministro del Interior,&nbsp;<strong>Diego Santilli<\/strong>, y, por el otro, el ministro de Desregulaci\u00f3n y Transformaci\u00f3n del Estado,&nbsp;<strong>Federico Sturzenegger<\/strong>.<\/p>\n\n\n\n<p>Desde la semana pasada, el funcionario nacional se encuentra realizando una ronda de c\u00f3nclaves con\u00a0<strong>gobernadores<\/strong>\u00a0como\u00a0<strong>Rogelio Frigerio\u00a0<\/strong>(Entre R\u00edos) y\u00a0<strong>Gustavo S\u00e1enz\u00a0<\/strong>(Salta),\u00a0<strong>Ignacio Torres\u00a0<\/strong>(Chubut),\u00a0<strong>Ra\u00fal Jalil\u00a0<\/strong>(Catamarca),\u00a0<strong>Marcelo Orrego\u00a0<\/strong>(San Juan) y\u00a0<strong>Mart\u00edn Llaryora\u00a0<\/strong>(C\u00f3rdoba). Este viernes ser\u00e1 el turno del mendocino\u00a0<strong>Alfredo\u00a0Cornejo<\/strong>. Luego, el s\u00e1bado, viajar\u00e1 a Neuqu\u00e9n para verse con\u00a0<strong>Rolando Figueroa<\/strong>.<\/p>\n\n\n\n<p>Ser\u00e1 un nuevo acercamiento entre Naci\u00f3n y las provincias de cara al tratamiento de leyes claves en el Congreso: el&nbsp;<strong>Presupuesto 2026<\/strong>, las&nbsp;<strong>reformas laboral&nbsp;<\/strong>e&nbsp;<strong>impositiva&nbsp;<\/strong>y del&nbsp;<strong>C\u00f3digo Penal<\/strong>.&nbsp;<strong>Santilli&nbsp;<\/strong>busca persuadir a los gobernadores para obtener apoyo parlamentario. En este caso, acercar\u00e1 posiciones con&nbsp;<strong>Alfredo Cornejo<\/strong>, quien ten\u00eda una buena relaci\u00f3n con el antecesor de&nbsp;<strong>Santilli<\/strong>,&nbsp;<strong>Lisandro Catal\u00e1n<\/strong>.<\/p>\n\n\n\n<p>Cornejo adelant\u00f3 que no har\u00e1 ning\u00fan pedido en particular y destac\u00f3 el di\u00e1logo con habr\u00e1 acerca de las reformas estructurales que se har\u00e1n en el Congreso. Tambi\u00e9n teniendo en cuenta que ambos forman parte del Consejo de Mayo.\u00a0<em>\u201cMientras estaba de viaje estuvimos hablando un par de veces. Siempre es bueno que Mendoza tenga visitas de ministros nacionales\u201d<\/em>, dijo ante la prensa este \u00faltimo jueves.<\/p>\n\n\n\n<p>El paso de&nbsp;<strong>Santilli&nbsp;<\/strong>coincide con la visita de los mandatarios provinciales de&nbsp;<strong>San Juan, Salta, Catamarca y Jujuy<\/strong>, que integran junto a Mendoza la Mesa del Cobre. Se espera que durante el almuerzo todos puedan compartir un encuentro.<\/p>\n\n\n\n<p>En cuanto a\u00a0<strong>Federico Sturzenegger<\/strong>, arriba a Mendoza con el objetivo de brindar m\u00e1s detalles sobre la importante<strong>\u00a0desregulaci\u00f3n<\/strong>\u00a0que se realiz\u00f3 sobre la industria del vino durante la semana pasada. Ser\u00e1 al mediod\u00eda en las instalaciones del Instituto Nacional de la Vitivinicultura (INV). All\u00ed, el funcionario dar\u00e1 explicaciones acerca de las 973 normas eliminadas, lo cual provoc\u00f3 numerosas dudas en la industria del vino.<\/p>\n\n\n\n<p>La medida, a grandes rasgos, implica que el organismo de control deje de fiscalizar las etapas iniciales e intermedias de la cadena vitivin\u00edcola y haga \u00e9nfasis en la calidad del vino ya embotellado. Esto tuvo repercusiones positivas y negativas en el sector vitivin\u00edcola y, principalmente, en Mendoza.<\/p>\n\n\n\n<p>El&nbsp;<strong>nuevo r\u00e9gimen regulatorio<\/strong>&nbsp;modifica de manera sustancial el alcance del INV, que pasar\u00e1 a desempe\u00f1ar un&nbsp;<strong>rol centrado en la trazabilidad final y en la transparencia del producto terminado<\/strong>, en lugar de controlar cada etapa del proceso productivo.<\/p>\n\n\n\n<p>La resoluci\u00f3n establece que las\u00a0<strong>certificaciones de origen, a\u00f1ada y varietal<\/strong>\u00a0dejar\u00e1n de ser obligatorias y pasar\u00e1n a tener\u00a0<strong>car\u00e1cter optativo<\/strong>. De esta manera, los productores podr\u00e1n\u00a0<strong>gestionar sus propios sistemas de trazabilidad o delegarlos en entidades privadas<\/strong>, en funci\u00f3n de las exigencias comerciales de cada empresa o mercado.<\/p>\n\n\n\n<p>El esquema alcanzar\u00e1 a&nbsp;<strong>productores de uva, bodegas, f\u00e1bricas de mosto, espumosos y productos enol\u00f3gicos<\/strong>, as\u00ed como a&nbsp;<strong>platas fraccionadoras, distribuidores, exportadores, importadores y laboratorios enol\u00f3gicos<\/strong>.<\/p>\n\n\n\n<p><em>\u201cTodos los controles sobre la aptitud para consumo y adulteraci\u00f3n del vino siguen siendo obligatorios, de la misma manera que lo eran hasta ahora. Lo que cambia es el enfoque de los controles\u201d<\/em>, aclararon desde la cartera de Desregulaci\u00f3n, la cual buscar\u00e1 explicar con mayor precisi\u00f3n todos los detalles de la medida adoptada.<\/p>\n\n\n\n<p><strong>Fuente: www.elsol.com.ar<\/strong><\/p>\n","protected":false},"excerpt":{"rendered":"<p>Este viernes, Mendoza ser\u00e1 el destino de dos integrantes clave en el equipo de Gabinete del presidente de la Naci\u00f3n,&nbsp;Javier Milei. Se trata de, por un lado, el flamante ministro del Interior,&nbsp;Diego Santilli, y, por el otro, el ministro de Desregulaci\u00f3n y Transformaci\u00f3n del Estado,&nbsp;Federico Sturzenegger. Desde la semana pasada, el funcionario nacional se encuentra [&hellip;]<\/p>\n","protected":false},"author":2,"featured_media":15729,"comment_status":"open","ping_status":"open","sticky":false,"template":"","format":"standard","meta":[],"categories":[47],"tags":[],"_links":{"self":[{"href":"https:\/\/pasaenmendoza.com\/index.php?rest_route=\/wp\/v2\/posts\/15728"}],"collection":[{"href":"https:\/\/pasaenmendoza.com\/index.php?rest_route=\/wp\/v2\/posts"}],"about":[{"href":"https:\/\/pasaenmendoza.com\/index.php?rest_route=\/wp\/v2\/types\/post"}],"author":[{"embeddable":true,"href":"https:\/\/pasaenmendoza.com\/index.php?rest_route=\/wp\/v2\/users\/2"}],"replies":[{"embeddable":true,"href":"https:\/\/pasaenmendoza.com\/index.php?rest_route=%2Fwp%2Fv2%2Fcomments&post=15728"}],"version-history":[{"count":1,"href":"https:\/\/pasaenmendoza.com\/index.php?rest_route=\/wp\/v2\/posts\/15728\/revisions"}],"predecessor-version":[{"id":15730,"href":"https:\/\/pasaenmendoza.com\/index.php?rest_route=\/wp\/v2\/posts\/15728\/revisions\/15730"}],"wp:featuredmedia":[{"embeddable":true,"href":"https:\/\/pasaenmendoza.com\/index.php?rest_route=\/wp\/v2\/media\/15729"}],"wp:attachment":[{"href":"https:\/\/pasaenmendoza.com\/index.php?rest_route=%2Fwp%2Fv2%2Fmedia&parent=15728"}],"wp:term":[{"taxonomy":"category","embeddable":true,"href":"https:\/\/pasaenmendoza.com\/index.php?rest_route=%2Fwp%2Fv2%2Fcategories&post=15728"},{"taxonomy":"post_tag","embeddable":true,"href":"https:\/\/pasaenmendoza.com\/index.php?rest_route=%2Fwp%2Fv2%2Ftags&post=15728"}],"curies":[{"name":"wp","href":"https:\/\/api.w.org\/{rel}","templated":true}]}}