{"id":1573,"date":"2023-09-20T13:56:40","date_gmt":"2023-09-20T11:56:40","guid":{"rendered":"https:\/\/pasaenmendoza.com\/?p=1573"},"modified":"2023-09-20T13:56:41","modified_gmt":"2023-09-20T11:56:41","slug":"luis-petri-apoyo-a-cornejo-y-pidio-que-lo-voten-el-domingo-del-otro-lado-hay-un-salto-al-abismo","status":"publish","type":"post","link":"https:\/\/pasaenmendoza.com\/?p=1573","title":{"rendered":"Luis Petri apoy\u00f3 a Cornejo y pidi\u00f3 que lo voten el domingo: &#8220;Del otro lado hay un salto al abismo&#8221;"},"content":{"rendered":"\n<p>El candidato a vicepresidente de Juntos por el Cambio manifest\u00f3 su apoy\u00f3 a Alfredo Cornejo de cara a las elecciones provinciales del pr\u00f3ximo domingo.<\/p>\n\n\n\n<p><strong>Petri\u00a0<\/strong>no escatim\u00f3 en elogios hacia el exgobernador de Mendoza y pidi\u00f3 a los votantes de\u00a0Juntos por el Cambio\u00a0que el domingo lo apoyen.<\/p>\n\n\n\n<p>\u201c<strong>Alfredo\u00a0<\/strong>le dio\u00a0<em>play\u00a0<\/em>a Mendoza en el 2015: ven\u00edamos de una provincia devastada, con las cuentas en rojo. Y esto no lo digo ahora, lo dec\u00eda tambi\u00e9n en la campa\u00f1a cuando enfrentaba a\u00a0<strong>Alfredo<\/strong>. Yo reconoc\u00eda en \u00e9l c\u00f3mo hab\u00eda administrado la provincia y c\u00f3mo hab\u00eda equilibrado las cuentas p\u00fablicas y reconoc\u00eda en Rodolfo (Suarez) el manejo de la pandemia\u201d, indic\u00f3\u00a0<strong>Petri<\/strong>.<\/p>\n\n\n\n<p>Y agreg\u00f3, usando el slogan de su campa\u00f1a: \u201cLe dio\u00a0<em>play\u00a0<\/em>en un momento muy dif\u00edcil y estoy seguro que ahora le va a dar\u00a0<em>play\u00a0<\/em>a esta pr\u00f3xima gesti\u00f3n con nuevos desaf\u00edos\u201d.<\/p>\n\n\n\n<p>\u201cBuscamos interpretar los nuevos desaf\u00edos de un electorado y una sociedad que te va reclamando cada vez m\u00e1s, que no le alcanza con lo del 2015, que quiere progresar, mejorar. Estoy seguro que&nbsp;<strong>Alfredo&nbsp;<\/strong>la va a dar&nbsp;<em>play&nbsp;<\/em>a todas y cada una de las propuestas y que los que nos votaron se van a sentir interpretados por<strong>&nbsp;Alfredo Cornejo<\/strong>&nbsp;porque son votantes de&nbsp;<strong>Juntos por el Cambio<\/strong>&nbsp;y, en definitiva, del otro lado hay un salto al abismo\u201d, advirti\u00f3.<\/p>\n\n\n\n<p>Tambi\u00e9n se\u00f1al\u00f3 que \u201csomos parte de un espacio de toda la vida, luchamos para transformar Mendoza. Competimos electoralmente pero estamos juntos y queremos transformar la provincia\u201d.<\/p>\n\n\n\n<p>\u201cLo apoyo y pido a los que nos acompa\u00f1aron que lo acompa\u00f1en en esta elecci\u00f3n del domingo pr\u00f3ximo\u201d, cerr\u00f3.<\/p>\n\n\n\n<h2 class=\"wp-block-heading\">Petri explic\u00f3 por qu\u00e9 fall\u00f3 el debate del domingo<\/h2>\n\n\n\n<p>El domingo pasado, los cinco candidatos a gobernador de Mendoza participaron de un debate que dej\u00f3 sabor a poco: \u201cLos debates tienen una finalidad, que es contribuir al voto informado. Esto es que la ciudadan\u00eda ve de boca de sus propios candidatos las propuestas que hacen y la confrontaci\u00f3n de ideas para tomar mejores decisiones\u201d, indic\u00f3&nbsp;<strong>Petri<\/strong>.<\/p>\n\n\n\n<p>\u201cUno puede confrontar ideas, lo que no puede es no ser riguroso en los datos. El dato tiene que ser preciso. Y no solo confrontar ideas, sino decir qu\u00e9 vas a hacer y c\u00f3mo lo vas a hacer porque ah\u00ed sal\u00eds de la consigna y del slogan\u201d, opin\u00f3.<\/p>\n\n\n\n<p>\u201cEn el Congreso de la Naci\u00f3n, cuando sos mencionado ten\u00e9s derecho a contestar. Esto es lo que falt\u00f3 en el debate\u201d, sostuvo\u00a0<strong>Luis Petri<\/strong>.<\/p>\n\n\n\n<p>FUENTE: mdzonline.<\/p>\n","protected":false},"excerpt":{"rendered":"<p>El candidato a vicepresidente de Juntos por el Cambio manifest\u00f3 su apoy\u00f3 a Alfredo Cornejo de cara a las elecciones provinciales del pr\u00f3ximo domingo. Petri\u00a0no escatim\u00f3 en elogios hacia el exgobernador de Mendoza y pidi\u00f3 a los votantes de\u00a0Juntos por el Cambio\u00a0que el domingo lo apoyen. \u201cAlfredo\u00a0le dio\u00a0play\u00a0a Mendoza en el 2015: ven\u00edamos de una [&hellip;]<\/p>\n","protected":false},"author":2,"featured_media":1574,"comment_status":"open","ping_status":"open","sticky":true,"template":"","format":"standard","meta":[],"categories":[47],"tags":[],"_links":{"self":[{"href":"https:\/\/pasaenmendoza.com\/index.php?rest_route=\/wp\/v2\/posts\/1573"}],"collection":[{"href":"https:\/\/pasaenmendoza.com\/index.php?rest_route=\/wp\/v2\/posts"}],"about":[{"href":"https:\/\/pasaenmendoza.com\/index.php?rest_route=\/wp\/v2\/types\/post"}],"author":[{"embeddable":true,"href":"https:\/\/pasaenmendoza.com\/index.php?rest_route=\/wp\/v2\/users\/2"}],"replies":[{"embeddable":true,"href":"https:\/\/pasaenmendoza.com\/index.php?rest_route=%2Fwp%2Fv2%2Fcomments&post=1573"}],"version-history":[{"count":1,"href":"https:\/\/pasaenmendoza.com\/index.php?rest_route=\/wp\/v2\/posts\/1573\/revisions"}],"predecessor-version":[{"id":1575,"href":"https:\/\/pasaenmendoza.com\/index.php?rest_route=\/wp\/v2\/posts\/1573\/revisions\/1575"}],"wp:featuredmedia":[{"embeddable":true,"href":"https:\/\/pasaenmendoza.com\/index.php?rest_route=\/wp\/v2\/media\/1574"}],"wp:attachment":[{"href":"https:\/\/pasaenmendoza.com\/index.php?rest_route=%2Fwp%2Fv2%2Fmedia&parent=1573"}],"wp:term":[{"taxonomy":"category","embeddable":true,"href":"https:\/\/pasaenmendoza.com\/index.php?rest_route=%2Fwp%2Fv2%2Fcategories&post=1573"},{"taxonomy":"post_tag","embeddable":true,"href":"https:\/\/pasaenmendoza.com\/index.php?rest_route=%2Fwp%2Fv2%2Ftags&post=1573"}],"curies":[{"name":"wp","href":"https:\/\/api.w.org\/{rel}","templated":true}]}}