{"id":15732,"date":"2025-11-15T00:08:04","date_gmt":"2025-11-14T23:08:04","guid":{"rendered":"https:\/\/pasaenmendoza.com\/?p=15732"},"modified":"2025-11-15T00:08:05","modified_gmt":"2025-11-14T23:08:05","slug":"salud-mental-en-mendoza-el-hospital-el-sauce-tendra-su-primer-centro-de-desintoxicacion","status":"publish","type":"post","link":"https:\/\/pasaenmendoza.com\/?p=15732","title":{"rendered":"Salud mental en Mendoza: el hospital El Sauce tendr\u00e1 su primer centro de desintoxicaci\u00f3n"},"content":{"rendered":"\n<p>Mendoza contar\u00e1 por primera vez con un\u00a0<strong>Centro de Desintoxicaci\u00f3n<\/strong>, seg\u00fan anunci\u00f3 el director del\u00a0<strong>Hospital El Sauce<\/strong>,\u00a0<strong>doctor Juan Jos\u00e9 Vilapri\u00f1o<\/strong>, durante el acto por el\u00a0<strong>74\u00b0 aniversario<\/strong>\u00a0de la instituci\u00f3n. El anuncio marca un paso trascendental en la ampliaci\u00f3n de los servicios vinculados a la\u00a0<strong>salud mental<\/strong>\u00a0y a la atenci\u00f3n de\u00a0<strong>adicciones<\/strong>\u00a0en la provincia.<\/p>\n\n\n\n<p>El evento, realizado el&nbsp;<strong>jueves 6 de noviembre<\/strong>, reuni\u00f3 a&nbsp;<strong>autoridades<\/strong>,&nbsp;<strong>personal de salud<\/strong>&nbsp;y&nbsp;<strong>usuarios<\/strong>, quienes participaron de una jornada cargada de reconocimiento y celebraci\u00f3n. La apertura estuvo a cargo de la profesora&nbsp;<strong>Estela Ortiz Quijano<\/strong>, seguida por el ingreso del&nbsp;<strong>cuadro de la Bandera<\/strong>, portado por trabajadores del hospital y acompa\u00f1ado por la&nbsp;<strong>Banda de la Polic\u00eda de Mendoza<\/strong>.<\/p>\n\n\n\n<p>El\u00a0<strong>Himno Nacional Argentino<\/strong>\u00a0fue interpretado por la Banda y por la\u00a0<strong>psic\u00f3loga Mercedes Bosch<\/strong>, quien puso voz a las estrofas patrias. La presentaci\u00f3n continu\u00f3 con distintas piezas musicales y culmin\u00f3 con el tradicional\u00a0<strong>Feliz cumplea\u00f1os<\/strong>, que reforz\u00f3 el esp\u00edritu festivo del aniversario.<\/p>\n\n\n\n<p>La celebraci\u00f3n incluy\u00f3 adem\u00e1s una destacada intervenci\u00f3n art\u00edstica a cargo de\u00a0<strong>Ezequiel<\/strong>, usuario del Servicio de Rehabilitaci\u00f3n\u00a0<strong>\u201cDesde Otro Lugar\u201d<\/strong>, quien comparti\u00f3 un\u00a0<strong>rap<\/strong>\u00a0compuesto por \u00e9l. La propuesta fue acompa\u00f1ada por las talleristas\u00a0<strong>Luna Gambeta<\/strong>\u00a0y\u00a0<strong>Vera Jereb<\/strong>, responsables de los talleres de\u00a0<strong>freestyle<\/strong>\u00a0y\u00a0<strong>escritura<\/strong>, valorando la\u00a0<strong>expresi\u00f3n art\u00edstica<\/strong>\u00a0como parte del\u00a0<strong>proceso terap\u00e9utico<\/strong>\u00a0en salud mental. En su letra, el autor agradeci\u00f3 la\u00a0<strong>contenci\u00f3n<\/strong>\u00a0recibida y reconoci\u00f3 el\u00a0<strong>trabajo del hospital<\/strong>\u00a0y la\u00a0<strong>calidez del personal<\/strong>.<\/p>\n\n\n\n<p>En su discurso,&nbsp;<strong>Vilapri\u00f1o<\/strong>&nbsp;destac\u00f3 el esfuerzo sostenido del equipo y los avances alcanzados gracias al trabajo conjunto con el&nbsp;<strong>Ministerio de Salud de Mendoza<\/strong>&nbsp;y la&nbsp;<strong>Direcci\u00f3n de Salud Mental<\/strong>. \u201cTodos los esfuerzos se ven reflejados en los cambios que est\u00e1 teniendo el hospital\u201d, afirm\u00f3.<\/p>\n\n\n\n<p>Antes de finalizar, el director anunci\u00f3 la pr\u00f3xima inauguraci\u00f3n del\u00a0<strong>primer Centro de Desintoxicaci\u00f3n de la provincia<\/strong>, previsto para\u00a0<strong>comienzos del a\u00f1o que viene<\/strong>. El proyecto se transformar\u00e1 en un hito para la red provincial de atenci\u00f3n, al fortalecer los dispositivos destinados a la\u00a0<strong>rehabilitaci\u00f3n<\/strong>,\u00a0<strong>tratamiento<\/strong>\u00a0y\u00a0<strong>acompa\u00f1amiento<\/strong>\u00a0de personas con consumo problem\u00e1tico.<\/p>\n\n\n\n<p><strong>Fuente: www.diariomendoza.com.ar<\/strong><\/p>\n","protected":false},"excerpt":{"rendered":"<p>Mendoza contar\u00e1 por primera vez con un\u00a0Centro de Desintoxicaci\u00f3n, seg\u00fan anunci\u00f3 el director del\u00a0Hospital El Sauce,\u00a0doctor Juan Jos\u00e9 Vilapri\u00f1o, durante el acto por el\u00a074\u00b0 aniversario\u00a0de la instituci\u00f3n. El anuncio marca un paso trascendental en la ampliaci\u00f3n de los servicios vinculados a la\u00a0salud mental\u00a0y a la atenci\u00f3n de\u00a0adicciones\u00a0en la provincia. El evento, realizado el&nbsp;jueves 6 de [&hellip;]<\/p>\n","protected":false},"author":2,"featured_media":15733,"comment_status":"open","ping_status":"open","sticky":false,"template":"","format":"standard","meta":[],"categories":[58],"tags":[],"_links":{"self":[{"href":"https:\/\/pasaenmendoza.com\/index.php?rest_route=\/wp\/v2\/posts\/15732"}],"collection":[{"href":"https:\/\/pasaenmendoza.com\/index.php?rest_route=\/wp\/v2\/posts"}],"about":[{"href":"https:\/\/pasaenmendoza.com\/index.php?rest_route=\/wp\/v2\/types\/post"}],"author":[{"embeddable":true,"href":"https:\/\/pasaenmendoza.com\/index.php?rest_route=\/wp\/v2\/users\/2"}],"replies":[{"embeddable":true,"href":"https:\/\/pasaenmendoza.com\/index.php?rest_route=%2Fwp%2Fv2%2Fcomments&post=15732"}],"version-history":[{"count":1,"href":"https:\/\/pasaenmendoza.com\/index.php?rest_route=\/wp\/v2\/posts\/15732\/revisions"}],"predecessor-version":[{"id":15734,"href":"https:\/\/pasaenmendoza.com\/index.php?rest_route=\/wp\/v2\/posts\/15732\/revisions\/15734"}],"wp:featuredmedia":[{"embeddable":true,"href":"https:\/\/pasaenmendoza.com\/index.php?rest_route=\/wp\/v2\/media\/15733"}],"wp:attachment":[{"href":"https:\/\/pasaenmendoza.com\/index.php?rest_route=%2Fwp%2Fv2%2Fmedia&parent=15732"}],"wp:term":[{"taxonomy":"category","embeddable":true,"href":"https:\/\/pasaenmendoza.com\/index.php?rest_route=%2Fwp%2Fv2%2Fcategories&post=15732"},{"taxonomy":"post_tag","embeddable":true,"href":"https:\/\/pasaenmendoza.com\/index.php?rest_route=%2Fwp%2Fv2%2Ftags&post=15732"}],"curies":[{"name":"wp","href":"https:\/\/api.w.org\/{rel}","templated":true}]}}