{"id":15735,"date":"2025-11-15T00:18:04","date_gmt":"2025-11-14T23:18:04","guid":{"rendered":"https:\/\/pasaenmendoza.com\/?p=15735"},"modified":"2025-11-15T00:18:05","modified_gmt":"2025-11-14T23:18:05","slug":"sturzenegger-defendio-en-mendoza-la-desregulacion-del-vino-y-aseguro-que-el-98-esta-de-acuerdo","status":"publish","type":"post","link":"https:\/\/pasaenmendoza.com\/?p=15735","title":{"rendered":"Sturzenegger defendi\u00f3 en Mendoza la desregulaci\u00f3n del vino y asegur\u00f3 que &#8220;el 98% est\u00e1 de acuerdo&#8221;"},"content":{"rendered":"\n<p>El ministro de Desregulaci\u00f3n y Transformaci\u00f3n del Estado de la Naci\u00f3n,\u00a0<strong>Federico Sturzenegger<\/strong>,\u00a0se reuni\u00f3 este viernes con las\u00a0<strong>c\u00e1maras de la industria vitivin\u00edcola en Mendoza<\/strong>\u00a0para presentar los alcances de la profunda\u00a0<strong>restructuraci\u00f3n\u00a0<\/strong>aplicada sobre el sector, desde los controles en el proceso de elaboraci\u00f3n hasta la  g\u00f3ndola realizados por el Instituto Nacional de Vitivinicultura (<strong>INV<\/strong>).<\/p>\n\n\n\n<p>El funcionario de Milei asegur\u00f3 que los cambios fueron \u201cmuy bien recibidos\u201d por los productores y que &#8220;abren un nuevo escenario de libertad para el sector&#8221;.<\/p>\n\n\n\n<p>\u201cVenimos de implementar una desregulaci\u00f3n muy importante. Ac\u00e1 est\u00e1 la pila de papeles que sacamos\u201d, se\u00f1al\u00f3, mostrando el\u00a0v<strong>olumen de normas eliminadas que en total suman casi 1.000.<\/strong><\/p>\n\n\n\n<p>Explic\u00f3 que muchas regulaciones del&nbsp;<strong>INV&nbsp;<\/strong>y de otros organismos impon\u00edan cargas administrativas excesivas. \u201cNosotros creemos que hay que regular para el productor honesto, no pensando que la gente va a actuar mal. El 99,9% de esta industria est\u00e1 compuesta por gente que quiere producir y exportar\u201d, asever\u00f3 en una conferencia de prensa en el organismo de control.<\/p>\n\n\n\n<p>Consultado por los puntos planteados por las c\u00e1maras vitivin\u00edcolas,&nbsp;<strong>Sturzenegger<\/strong>&nbsp;sostuvo que hubo coincidencias amplias: \u201cEn el 98% de lo que hicimos hay un acuerdo total. Nos llevamos felicitaciones de los productores\u201d, afirm\u00f3.<\/p>\n\n\n\n<p>Uno de los sectores que est\u00e1 de acuerdo es&nbsp;<strong>Bodegas de Argentina<\/strong>, que expres\u00f3 su satisfacci\u00f3n d\u00edas atr\u00e1s.<\/p>\n\n\n\n<p>Sin embargo, reconoci\u00f3 que quedaron algunos temas abiertos: \u201cUna regulaci\u00f3n es un cuerpo vivo. Siempre est\u00e1 en revisi\u00f3n. El presidente Milei nos pide escuchar a los actores del sistema, y eso hicimos\u201d.<\/p>\n\n\n\n<h2 class=\"wp-block-heading\">Los planteos de los productores a Sturzenegger<\/h2>\n\n\n\n<p>Entre las inquietudes que se lleva a Buenos Aires, mencion\u00f3 la situaci\u00f3n del&nbsp;<strong>Certificado de Inscripci\u00f3n Digital (CIU)<\/strong>&nbsp;cuya obligatoriedad est\u00e1 en debate. \u201cCreemos que deber\u00eda ser&nbsp;<strong>opcional.<\/strong>&nbsp;Si sirve, se usa; si no, no. Todo lo que hacemos desde el gobierno es dar m\u00e1s libertad para producir, cosechar y comercializar\u201d.<\/p>\n\n\n\n<p>Al ser consultado por la ausencia de representantes de las entidades vitivin\u00edcolas en la conferencia de prensa, el ministro aclar\u00f3: \u201cEs imposible meter a todas las c\u00e1maras. Eran m\u00e1s de 60 personas en la reuni\u00f3n previa. El di\u00e1logo se dio con absoluto respeto y coincidencia en dos o tres temas que ahora seguimos evaluando\u201d.<\/p>\n\n\n\n<p>El funcionario tambi\u00e9n se refiri\u00f3 al nuevo acuerdo comercial con<strong>&nbsp;Estados Unidos,<\/strong>&nbsp;que considera \u201csumamente positivo\u201d.<\/p>\n\n\n\n<p>\u201cVa a generar oportunidades para muchas industrias argentinas en acceso al mercado norteamericano. Adem\u00e1s, es fruto de una relaci\u00f3n \u00fanica entre el presidente Milei y Donald Trump\u201d.<\/p>\n\n\n\n<p>Frente a las consultas sobre el futuro del INV, aclar\u00f3 que no se avanzar\u00e1 sobre sus competencias: \u201cLa idea nunca fue eliminarlo, sino evitar estructuras administrativas sobredimensionadas. El INV seguir\u00e1 funcionando y, con esta desregulaci\u00f3n, podr\u00e1 enfocarse en lo que realmente importa: los controles de genuinidad y salubridad del vino\u201d.<\/p>\n\n\n\n<h2 class=\"wp-block-heading\">\u00bfBajar\u00e1n aranceles?<\/h2>\n\n\n\n<p>Sobre la posibilidad de solicitar una baja de aranceles al ingreso del vino argentino a Estados Unidos, Sturzenegger evit\u00f3 definiciones: \u201cNosotros hoy vinimos a escuchar. Cualquier decisi\u00f3n ser\u00e1 comunicada cuando corresponda\u201d.<\/p>\n\n\n\n<p><strong>Fuente: www.diariouno.com.ar<\/strong><\/p>\n","protected":false},"excerpt":{"rendered":"<p>El ministro de Desregulaci\u00f3n y Transformaci\u00f3n del Estado de la Naci\u00f3n,\u00a0Federico Sturzenegger,\u00a0se reuni\u00f3 este viernes con las\u00a0c\u00e1maras de la industria vitivin\u00edcola en Mendoza\u00a0para presentar los alcances de la profunda\u00a0restructuraci\u00f3n\u00a0aplicada sobre el sector, desde los controles en el proceso de elaboraci\u00f3n hasta la g\u00f3ndola realizados por el Instituto Nacional de Vitivinicultura (INV). El funcionario de Milei [&hellip;]<\/p>\n","protected":false},"author":2,"featured_media":15736,"comment_status":"open","ping_status":"open","sticky":false,"template":"","format":"standard","meta":[],"categories":[47],"tags":[],"_links":{"self":[{"href":"https:\/\/pasaenmendoza.com\/index.php?rest_route=\/wp\/v2\/posts\/15735"}],"collection":[{"href":"https:\/\/pasaenmendoza.com\/index.php?rest_route=\/wp\/v2\/posts"}],"about":[{"href":"https:\/\/pasaenmendoza.com\/index.php?rest_route=\/wp\/v2\/types\/post"}],"author":[{"embeddable":true,"href":"https:\/\/pasaenmendoza.com\/index.php?rest_route=\/wp\/v2\/users\/2"}],"replies":[{"embeddable":true,"href":"https:\/\/pasaenmendoza.com\/index.php?rest_route=%2Fwp%2Fv2%2Fcomments&post=15735"}],"version-history":[{"count":1,"href":"https:\/\/pasaenmendoza.com\/index.php?rest_route=\/wp\/v2\/posts\/15735\/revisions"}],"predecessor-version":[{"id":15737,"href":"https:\/\/pasaenmendoza.com\/index.php?rest_route=\/wp\/v2\/posts\/15735\/revisions\/15737"}],"wp:featuredmedia":[{"embeddable":true,"href":"https:\/\/pasaenmendoza.com\/index.php?rest_route=\/wp\/v2\/media\/15736"}],"wp:attachment":[{"href":"https:\/\/pasaenmendoza.com\/index.php?rest_route=%2Fwp%2Fv2%2Fmedia&parent=15735"}],"wp:term":[{"taxonomy":"category","embeddable":true,"href":"https:\/\/pasaenmendoza.com\/index.php?rest_route=%2Fwp%2Fv2%2Fcategories&post=15735"},{"taxonomy":"post_tag","embeddable":true,"href":"https:\/\/pasaenmendoza.com\/index.php?rest_route=%2Fwp%2Fv2%2Ftags&post=15735"}],"curies":[{"name":"wp","href":"https:\/\/api.w.org\/{rel}","templated":true}]}}