{"id":15741,"date":"2025-11-15T00:25:47","date_gmt":"2025-11-14T23:25:47","guid":{"rendered":"https:\/\/pasaenmendoza.com\/?p=15741"},"modified":"2025-11-15T00:25:48","modified_gmt":"2025-11-14T23:25:48","slug":"llamado-para-los-artistas-de-la-vendimia-quienes-pueden-postularse-y-como-inscribirse","status":"publish","type":"post","link":"https:\/\/pasaenmendoza.com\/?p=15741","title":{"rendered":"Llamado para los artistas de la Vendimia: qui\u00e9nes pueden postularse y c\u00f3mo inscribirse"},"content":{"rendered":"\n<p>La edici\u00f3n 2026 de la Fiesta Nacional de la Vendimia, titulada\u00a0<strong>\u201c90 cosechas de una misma cepa\u201d<\/strong>, inici\u00f3 oficialmente su\u00a0<strong>convocatoria a artistas<\/strong>\u00a0para participar en el\u00a0<strong>Acto Central<\/strong>, dirigido por\u00a0<strong>Pablo Mariano Perri<\/strong>. La\u00a0<strong>Direcci\u00f3n de\u00a0Vendimia\u00a0y Producci\u00f3n Cultural<\/strong>\u00a0inform\u00f3 que ya se encuentra habilitado el periodo de\u00a0<strong>inscripciones y audiciones<\/strong>.<\/p>\n\n\n\n<p>Las personas interesadas deber\u00e1n ingresar a\u00a0<strong>www.mendoza.gov.ar\/cultura<\/strong>\u00a0para acceder a la\u00a0<strong>informaci\u00f3n general<\/strong>, instructivos y enlace al\u00a0<strong>Sistema SIGA (Sistema Integral de Gesti\u00f3n de Artistas)<\/strong>, plataforma donde deber\u00e1n realizar la inscripci\u00f3n seg\u00fan la categor\u00eda correspondiente.<\/p>\n\n\n\n<h3 class=\"wp-block-heading\"><strong>Los cargos a contratar<\/strong><\/h3>\n\n\n\n<p>La convocatoria incluye una amplia variedad de perfiles art\u00edsticos para el&nbsp;<strong>Acto Central<\/strong>&nbsp;y su&nbsp;<strong>repetici\u00f3n<\/strong>, entre ellos:<\/p>\n\n\n\n<ul>\n<li><strong>300 bailarines\/as folcl\u00f3rico\/as<\/strong>&nbsp;(18 a 50 a\u00f1os)<\/li>\n\n\n\n<li><strong>22 bailarines\/as folcl\u00f3ricos\/as adultos<\/strong>&nbsp;(51 a 65 a\u00f1os)<\/li>\n\n\n\n<li><strong>22 bailarines\/as con discapacidad<\/strong>&nbsp;(18 a 50 a\u00f1os)<\/li>\n\n\n\n<li><strong>143 bailarines\/as contempor\u00e1neos\/as y t\u00e9cnicas mixtas<\/strong>&nbsp;(18 a 50 a\u00f1os)<\/li>\n\n\n\n<li><strong>7 bailarines\/as contempor\u00e1neos\/as adultos<\/strong>&nbsp;(51 a 65 a\u00f1os)<\/li>\n\n\n\n<li><strong>190 actores y actrices<\/strong>&nbsp;(18 a 65 a\u00f1os)<\/li>\n\n\n\n<li><strong>16 actores y actrices con discapacidad<\/strong>&nbsp;(18 a 50 a\u00f1os)<\/li>\n\n\n\n<li><strong>48 m\u00fasicos<\/strong>&nbsp;(18 a 65 a\u00f1os)<\/li>\n\n\n\n<li><strong>2 m\u00fasicos con discapacidad<\/strong><\/li>\n\n\n\n<li><strong>10 acr\u00f3batas<\/strong><\/li>\n\n\n\n<li><strong>8 artistas solistas<\/strong><\/li>\n<\/ul>\n\n\n\n<p>Tambi\u00e9n se seleccionar\u00e1n por antecedentes:<\/p>\n\n\n\n<ul>\n<li><strong>10 jefes de boca<\/strong><\/li>\n\n\n\n<li><strong>20 traspuntes<\/strong><\/li>\n\n\n\n<li><strong>30 traspuntes utileros<\/strong><\/li>\n\n\n\n<li><strong>3 traspuntes utileros con discapacidad<\/strong><\/li>\n\n\n\n<li><strong>14 monitores<\/strong><\/li>\n<\/ul>\n\n\n\n<h3 class=\"wp-block-heading\"><strong>Los montos de los cachets<\/strong><\/h3>\n\n\n\n<p>La cartera cultural inform\u00f3 los montos establecidos para cada categor\u00eda:<\/p>\n\n\n\n<ul>\n<li><strong>$1.500.000<\/strong>&nbsp;para el m\u00f3dulo general (actores, bailarines y m\u00fasicos)<\/li>\n\n\n\n<li><strong>$1.650.000<\/strong>&nbsp;para&nbsp;<strong>solistas<\/strong><\/li>\n\n\n\n<li><strong>$3.000.000<\/strong>&nbsp;para&nbsp;<strong>monitores<\/strong><\/li>\n\n\n\n<li><strong>$1.125.000<\/strong>&nbsp;para&nbsp;<strong>traspuntes<\/strong><\/li>\n\n\n\n<li><strong>$1.200.000<\/strong>&nbsp;para&nbsp;<strong>traspuntes utileros<\/strong><\/li>\n<\/ul>\n\n\n\n<h3 class=\"wp-block-heading\"><strong>Inscripciones: requisitos y modalidad<\/strong><\/h3>\n\n\n\n<p>Las inscripciones estar\u00e1n abiertas desde el&nbsp;<strong>14\/11\/2025 hasta el 20\/11\/2025 a las 12.59<\/strong>, exclusivamente a trav\u00e9s del&nbsp;<strong>Sistema SIGA<\/strong>. Los&nbsp;<strong>requisitos generales<\/strong>&nbsp;incluyen:<\/p>\n\n\n\n<ul>\n<li>Ser&nbsp;<strong>residente en Mendoza<\/strong>&nbsp;(excluyente)<\/li>\n\n\n\n<li>Tener&nbsp;<strong>18 a\u00f1os<\/strong>&nbsp;cumplidos al momento de inscribirse<\/li>\n\n\n\n<li>Acreditar&nbsp;<strong>idoneidad<\/strong>&nbsp;para el cargo<\/li>\n<\/ul>\n\n\n\n<p>La organizaci\u00f3n record\u00f3 que el sistema admite\u00a0<strong>una sola inscripci\u00f3n por persona<\/strong>\u00a0y recomend\u00f3 leer previamente los instructivos para asegurar la correcta carga de la documentaci\u00f3n requerida. Todos los datos presentados tienen car\u00e1cter de\u00a0<strong>declaraci\u00f3n jurada<\/strong>.<\/p>\n\n\n\n<h3 class=\"wp-block-heading\"><strong>Las audiciones<\/strong><\/h3>\n\n\n\n<p>Las audiciones se desarrollar\u00e1n en el&nbsp;<strong>Espacio Cultural Julio Le Parc<\/strong>&nbsp;en las siguientes fechas:<\/p>\n\n\n\n<ul>\n<li><strong>M\u00fasicos y cantantes:<\/strong>&nbsp;26 al 28 de noviembre<\/li>\n\n\n\n<li><strong>Bailarines contempor\u00e1neos y adultos:<\/strong>&nbsp;29 y 30 de noviembre<\/li>\n\n\n\n<li><strong>Bailarines folclore, adultos y discapacidad:<\/strong>&nbsp;13 y 14 de diciembre<\/li>\n\n\n\n<li><strong>Actores, actrices y acr\u00f3batas:<\/strong>&nbsp;6 de diciembre<\/li>\n<\/ul>\n\n\n\n<p>Quienes se postulen como&nbsp;<strong>traspuntes<\/strong>&nbsp;y&nbsp;<strong>traspuntes utileros<\/strong>&nbsp;deber\u00e1n presentar antecedentes los d\u00edas&nbsp;<strong>1 y 2 de diciembre<\/strong>&nbsp;en la&nbsp;<strong>Sala Elina Alba<\/strong>, de 9 a 13.<\/p>\n\n\n\n<h3 class=\"wp-block-heading\"><strong>Los resultados<\/strong><\/h3>\n\n\n\n<p>Los resultados ser\u00e1n publicados en\u00a0<strong>www.mendoza.gov.ar\/cultura<\/strong>:<\/p>\n\n\n\n<ul>\n<li><strong>M\u00fasicos:<\/strong>&nbsp;3 de diciembre de 2025<\/li>\n\n\n\n<li><strong>Bailarines, actores, acr\u00f3batas, traspuntes y utileros:<\/strong>\u00a030 de diciembre de 2025<\/li>\n<\/ul>\n\n\n\n<p><strong>Fuente: www.diariomendoza.com.ar<\/strong><\/p>\n","protected":false},"excerpt":{"rendered":"<p>La edici\u00f3n 2026 de la Fiesta Nacional de la Vendimia, titulada\u00a0\u201c90 cosechas de una misma cepa\u201d, inici\u00f3 oficialmente su\u00a0convocatoria a artistas\u00a0para participar en el\u00a0Acto Central, dirigido por\u00a0Pablo Mariano Perri. La\u00a0Direcci\u00f3n de\u00a0Vendimia\u00a0y Producci\u00f3n Cultural\u00a0inform\u00f3 que ya se encuentra habilitado el periodo de\u00a0inscripciones y audiciones. Las personas interesadas deber\u00e1n ingresar a\u00a0www.mendoza.gov.ar\/cultura\u00a0para acceder a la\u00a0informaci\u00f3n general, instructivos y [&hellip;]<\/p>\n","protected":false},"author":2,"featured_media":15742,"comment_status":"open","ping_status":"open","sticky":false,"template":"","format":"standard","meta":[],"categories":[74],"tags":[],"_links":{"self":[{"href":"https:\/\/pasaenmendoza.com\/index.php?rest_route=\/wp\/v2\/posts\/15741"}],"collection":[{"href":"https:\/\/pasaenmendoza.com\/index.php?rest_route=\/wp\/v2\/posts"}],"about":[{"href":"https:\/\/pasaenmendoza.com\/index.php?rest_route=\/wp\/v2\/types\/post"}],"author":[{"embeddable":true,"href":"https:\/\/pasaenmendoza.com\/index.php?rest_route=\/wp\/v2\/users\/2"}],"replies":[{"embeddable":true,"href":"https:\/\/pasaenmendoza.com\/index.php?rest_route=%2Fwp%2Fv2%2Fcomments&post=15741"}],"version-history":[{"count":1,"href":"https:\/\/pasaenmendoza.com\/index.php?rest_route=\/wp\/v2\/posts\/15741\/revisions"}],"predecessor-version":[{"id":15743,"href":"https:\/\/pasaenmendoza.com\/index.php?rest_route=\/wp\/v2\/posts\/15741\/revisions\/15743"}],"wp:featuredmedia":[{"embeddable":true,"href":"https:\/\/pasaenmendoza.com\/index.php?rest_route=\/wp\/v2\/media\/15742"}],"wp:attachment":[{"href":"https:\/\/pasaenmendoza.com\/index.php?rest_route=%2Fwp%2Fv2%2Fmedia&parent=15741"}],"wp:term":[{"taxonomy":"category","embeddable":true,"href":"https:\/\/pasaenmendoza.com\/index.php?rest_route=%2Fwp%2Fv2%2Fcategories&post=15741"},{"taxonomy":"post_tag","embeddable":true,"href":"https:\/\/pasaenmendoza.com\/index.php?rest_route=%2Fwp%2Fv2%2Ftags&post=15741"}],"curies":[{"name":"wp","href":"https:\/\/api.w.org\/{rel}","templated":true}]}}