{"id":15747,"date":"2025-11-15T22:54:54","date_gmt":"2025-11-15T21:54:54","guid":{"rendered":"https:\/\/pasaenmendoza.com\/?p=15747"},"modified":"2025-11-15T22:55:00","modified_gmt":"2025-11-15T21:55:00","slug":"fin-de-semana-inestable-en-mendoza-zonda-tormentas-y-la-llegada-de-un-frente-frio","status":"publish","type":"post","link":"https:\/\/pasaenmendoza.com\/?p=15747","title":{"rendered":"Fin de semana inestable en Mendoza: Zonda, tormentas y la llegada de un frente fr\u00edo"},"content":{"rendered":"\n<p>El fin de semana llegar\u00e1 con cambios marcados en las condiciones del tiempo en&nbsp;<strong>Mendoza<\/strong>.<\/p>\n\n\n\n<p>Seg\u00fan el&nbsp;<strong>pron\u00f3stico&nbsp;<\/strong>de Contingencias Clim\u00e1ticas, el ente meteorol\u00f3gico local, el s\u00e1bado ser\u00e1 una jornada inestable, con la presencia de viento Zonda en precordillera y Malarg\u00fce, tormentas aisladas y un leve ascenso de la temperatura.<\/p>\n\n\n\n<p>Adem\u00e1s,&nbsp;<strong>se prev\u00e9 el ingreso de un frente fr\u00edo hacia la tarde<\/strong>, acompa\u00f1ado por vientos algo fuertes del sector sur&nbsp;<strong>y la posibilidad de tormentas con granizo<\/strong>.<\/p>\n\n\n\n<p>En cordillera, habr\u00e1 precipitaciones durante toda la jornada. La m\u00e1xima este s\u00e1bado\u00a0<strong>alcanzar\u00e1 los 32\u00b0C y la m\u00ednima ser\u00e1 de 16\u00b0C.<\/strong><\/p>\n\n\n\n<p>Para el domingo,&nbsp;<strong>el sistema frontal ya se habr\u00e1 instalado sobre la provincia<\/strong>, por lo que se espera un descenso de la temperatura y un ambiente m\u00e1s fresco.<\/p>\n\n\n\n<p>El cielo estar\u00e1 parcialmente nublado, con vientos moderados del sector sur y nuevas precipitaciones en la zona cordillerana.\u00a0<strong>La m\u00e1xima ser\u00e1 de 25\u00b0C y la m\u00ednima de 17\u00b0C.<\/strong><\/p>\n\n\n\n<p><strong>Fuente: www.elsol.com.ar<\/strong><\/p>\n","protected":false},"excerpt":{"rendered":"<p>El fin de semana llegar\u00e1 con cambios marcados en las condiciones del tiempo en&nbsp;Mendoza. Seg\u00fan el&nbsp;pron\u00f3stico&nbsp;de Contingencias Clim\u00e1ticas, el ente meteorol\u00f3gico local, el s\u00e1bado ser\u00e1 una jornada inestable, con la presencia de viento Zonda en precordillera y Malarg\u00fce, tormentas aisladas y un leve ascenso de la temperatura. Adem\u00e1s,&nbsp;se prev\u00e9 el ingreso de un frente fr\u00edo [&hellip;]<\/p>\n","protected":false},"author":2,"featured_media":15748,"comment_status":"open","ping_status":"open","sticky":false,"template":"","format":"standard","meta":[],"categories":[52],"tags":[],"_links":{"self":[{"href":"https:\/\/pasaenmendoza.com\/index.php?rest_route=\/wp\/v2\/posts\/15747"}],"collection":[{"href":"https:\/\/pasaenmendoza.com\/index.php?rest_route=\/wp\/v2\/posts"}],"about":[{"href":"https:\/\/pasaenmendoza.com\/index.php?rest_route=\/wp\/v2\/types\/post"}],"author":[{"embeddable":true,"href":"https:\/\/pasaenmendoza.com\/index.php?rest_route=\/wp\/v2\/users\/2"}],"replies":[{"embeddable":true,"href":"https:\/\/pasaenmendoza.com\/index.php?rest_route=%2Fwp%2Fv2%2Fcomments&post=15747"}],"version-history":[{"count":1,"href":"https:\/\/pasaenmendoza.com\/index.php?rest_route=\/wp\/v2\/posts\/15747\/revisions"}],"predecessor-version":[{"id":15749,"href":"https:\/\/pasaenmendoza.com\/index.php?rest_route=\/wp\/v2\/posts\/15747\/revisions\/15749"}],"wp:featuredmedia":[{"embeddable":true,"href":"https:\/\/pasaenmendoza.com\/index.php?rest_route=\/wp\/v2\/media\/15748"}],"wp:attachment":[{"href":"https:\/\/pasaenmendoza.com\/index.php?rest_route=%2Fwp%2Fv2%2Fmedia&parent=15747"}],"wp:term":[{"taxonomy":"category","embeddable":true,"href":"https:\/\/pasaenmendoza.com\/index.php?rest_route=%2Fwp%2Fv2%2Fcategories&post=15747"},{"taxonomy":"post_tag","embeddable":true,"href":"https:\/\/pasaenmendoza.com\/index.php?rest_route=%2Fwp%2Fv2%2Ftags&post=15747"}],"curies":[{"name":"wp","href":"https:\/\/api.w.org\/{rel}","templated":true}]}}