{"id":15753,"date":"2025-11-15T23:03:56","date_gmt":"2025-11-15T22:03:56","guid":{"rendered":"https:\/\/pasaenmendoza.com\/?p=15753"},"modified":"2025-11-15T23:03:57","modified_gmt":"2025-11-15T22:03:57","slug":"colegio-nacional-agustin-alvarez-una-perla-arquitectonica-en-el-centro-mendocino","status":"publish","type":"post","link":"https:\/\/pasaenmendoza.com\/?p=15753","title":{"rendered":"Colegio Nacional Agust\u00edn \u00c1lvarez, una perla arquitect\u00f3nica en el centro mendocino"},"content":{"rendered":"\n<p>Hay edificios que no s\u00f3lo guardan historia:&nbsp;<strong>la respiran<\/strong>. En el caso del&nbsp;<strong>Colegio Nacional Agust\u00edn \u00c1lvarez<\/strong>, la memoria parece filtrarse por los mosaicos, las m\u00e9nsulas met\u00e1licas, los ecos del auditorio y los patios donde a\u00fan se escucha el murmullo de decenas de generaciones pasadas.&nbsp;<\/p>\n\n\n\n<p>Frente a la\u00a0<strong>Plaza Independencia<\/strong>, en pleno centro de la Ciudad de Mendoza, esta obra monumental no es solo una instituci\u00f3n educativa: es una\u00a0<strong>c\u00e1psula del tiempo<\/strong>\u00a0donde el pasado se conserva intacto, entre el olor a madera antigua y el brillo suave de los pisos calc\u00e1reos.<\/p>\n\n\n\n<p><strong>El sue\u00f1o de una ciudad nueva<\/strong><\/p>\n\n\n\n<p>El origen del Colegio est\u00e1 ligado a la tragedia y la reconstrucci\u00f3n de nuestra ciudad. Tras el devastador&nbsp;<strong>terremoto de 1861<\/strong>, Mendoza debi\u00f3 reinventarse. En ese contexto, y bajo la presidencia de&nbsp;<strong>Bartolom\u00e9 Mitre<\/strong>, naci\u00f3 en 1864 el&nbsp;<strong>Colegio Nacional de Mendoza<\/strong>, una de las primeras instituciones secundarias del pa\u00eds creadas con el objetivo de educar a la juventud provincial y formar a las futuras dirigencias locales.<\/p>\n\n\n\n<p>El edificio que hoy conocemos, sede definitiva del colegio, fue inaugurado el\u00a0<strong>20 de marzo de 1911<\/strong>, sobre un terreno que hab\u00eda sido destinado originalmente a la Iglesia. Su construcci\u00f3n marc\u00f3 un hito: fue el\u00a0<strong>primer edificio p\u00fablico de hormig\u00f3n armado<\/strong>\u00a0en Mendoza, proyectado con t\u00e9cnicas antis\u00edsmicas de avanzada.<\/p>\n\n\n\n<p>Detr\u00e1s de esta obra estuvo el ingeniero mendocino\u00a0<strong>Juan Molina Civit<\/strong>, quien trabaj\u00f3 junto al franc\u00e9s\u00a0<strong>Mario Gaillard<\/strong>, un especialista en cemento armado. Juntos, idearon una estructura s\u00f3lida y elegante, una mezcla de innovaci\u00f3n tecnol\u00f3gica y lenguaje acad\u00e9mico europeo.<\/p>\n\n\n\n<p><strong>Una joya frente a la Plaza<\/strong><\/p>\n\n\n\n<p>El Colegio se emplaza sobre la&nbsp;<strong>calle Chile 1050<\/strong>, ocupando una manzana completa. Su fachada, de l\u00edneas sobrias y equilibrio perfecto, mira hacia la Plaza Independencia como si custodiara el pulso de la ciudad. Los tres&nbsp;<strong>arcos de medio punto<\/strong>&nbsp;del p\u00f3rtico principal invitan a ingresar a un vest\u00edbulo amplio, coronado por una&nbsp;<strong>mansarda<\/strong>&nbsp;y decorado con la delicadeza de un&nbsp;<strong>estilo acad\u00e9mico franc\u00e9s<\/strong>, contenido y arm\u00f3nico.<\/p>\n\n\n\n<p>M\u00e1s all\u00e1 del p\u00f3rtico, el edificio se despliega en pabellones y\u00a0<strong>patios perpendiculares<\/strong>, conectados por\u00a0<strong>galer\u00edas<\/strong>\u00a0con\u00a0<strong>m\u00e9nsulas met\u00e1licas<\/strong>\u00a0y\u00a0<strong>cenefas ornamentadas<\/strong>\u00a0que parecen suspendidas en el tiempo. En esos espacios, el aire tiene un espesor particular, una mezcla de quietud y nostalgia.<\/p>\n\n\n\n<p>Los&nbsp;<strong>canteros de los patios<\/strong>&nbsp;siguen floreciendo entre los pasos de los alumnos, mientras las sombras se filtran entre las columnas y los bancos de hierro fundido.&nbsp;<\/p>\n\n\n\n<p>Cada galer\u00eda, cada arco, cada l\u00ednea de su simetr\u00eda, responde a una l\u00f3gica que une belleza y funcionalidad, como si la arquitectura misma quisiera ense\u00f1ar.<\/p>\n\n\n\n<p><strong>El lenguaje de los pisos<\/strong><\/p>\n\n\n\n<p>Quiz\u00e1s uno de los detalles m\u00e1s cautivadores del Colegio Nacional Agust\u00edn \u00c1lvarez est\u00e9 bajo los pies. Su&nbsp;<strong>piso entramado<\/strong>, hecho con baldosas calc\u00e1reas o hidr\u00e1ulicas de fines del siglo XIX, es un aut\u00e9ntico tapiz geom\u00e9trico. Cada baldosa cuadrada se subdivide en cuatro campos con&nbsp;<strong>motivos estrellados de ocho puntas<\/strong>&nbsp;en el centro, trazado con delicadeza sobre fondo blanco, b<strong>ordes diagonales<\/strong>&nbsp;y&nbsp;<strong>peque\u00f1os nudos ocre-mostaza<\/strong>&nbsp;en las intersecciones, como puntos de anclaje visual.<\/p>\n\n\n\n<p>El dise\u00f1o, dispuesto en \u00e1ngulos de\u00a0<strong>45\u00b0<\/strong>, produce una sensaci\u00f3n \u00f3ptica de movimiento y profundidad. Caminar por esos pisos es, de alguna manera, recorrer un mapa simb\u00f3lico del conocimiento: cada estrella, cada forma, cada color parece hablar de una \u00e9poca en la que la belleza tambi\u00e9n era una forma de educar.<\/p>\n\n\n\n<p><strong>El alma del edificio<\/strong><\/p>\n\n\n\n<p>En su interior, el&nbsp;<strong>auditorio<\/strong>&nbsp;mantiene la solemnidad de los templos laicos. Una escalinata conduce a filas de bancos de madera que podr\u00edan pertenecer a una pel\u00edcula ambientada en Oxford o La Sorbona.&nbsp;<\/p>\n\n\n\n<p>All\u00ed se dictaron conferencias, se recitaron discursos, se cantaron himnos y se formaron generaciones de estudiantes que so\u00f1aron con transformar Mendoza y el pa\u00eds. &#8220;Queremos recuperar y poner en valor este espacio&#8221;, revelaron las autoridades al Post.<\/p>\n\n\n\n<p>En otra ala, el\u00a0<strong>laboratorio<\/strong>\u00a0conserva a\u00fan los muebles, frascos y vitrinas del tiempo de su fundaci\u00f3n. Entre ellos, un\u00a0<strong>herbario hist\u00f3rico<\/strong>\u00a0con especies tra\u00eddas desde Europa y \u00c1frica a mediados del siglo XIX. Es un rinc\u00f3n donde la ciencia y la historia conviven, donde el polvo no es olvido sino evidencia del paso del tiempo y testigo del legado hist\u00f3rico.<\/p>\n\n\n\n<p>La\u00a0<strong>biblioteca<\/strong>, con su mobiliario de\u00a0<strong>roble norteamericano<\/strong>, guarda vol\u00famenes donados por exalumnos ilustres y documentos \u00fanicos sobre la educaci\u00f3n en Cuyo. En las paredes, las fotograf\u00edas de antiguos rectores -miradas firmes, bigotes solemnes, trajes oscuros- observan el presente con una serena autoridad.<\/p>\n\n\n\n<p><strong>Un templo de memoria y conocimiento<\/strong><\/p>\n\n\n\n<p>El Colegio Nacional fue el\u00a0<strong>formador de la \u00e9lite mendocina<\/strong>\u00a0durante d\u00e9cadas. Por sus aulas pasaron nombres que marcaron la pol\u00edtica, la medicina, la arquitectura y la cultura:\u00a0<strong>Agust\u00edn \u00c1lvarez<\/strong>,\u00a0<strong>Jos\u00e9 Vicente Zapata<\/strong>,\u00a0<strong>Jos\u00e9 N\u00e9stor Lencinas<\/strong>,\u00a0<strong>Francisco Gabrielli<\/strong>,\u00a0<strong>Humberto Notti<\/strong>,\u00a0<strong>V\u00edctor Fayad<\/strong>,\u00a0<strong>Carlos &#8220;Coco&#8221; And\u00eda<\/strong>, entre muchos otros.<\/p>\n\n\n\n<p>Cada uno de ellos llev\u00f3 consigo una parte de este edificio: su esp\u00edritu ilustrado, su vocaci\u00f3n p\u00fablica, su sentido de pertenencia. No en vano, el propio Mitre hab\u00eda imaginado estos colegios nacionales como semilleros de la &#8220;inteligencia que gobierne&#8221;.<\/p>\n\n\n\n<p><strong>Una obra de arte en el tiempo<\/strong><\/p>\n\n\n\n<p>Declarado&nbsp;<strong>Monumento Hist\u00f3rico Nacional<\/strong>,&nbsp;<strong>Patrimonio Provincial<\/strong>&nbsp;y&nbsp;<strong>Patrimonio Municipal<\/strong>, el Colegio Nacional Agust\u00edn \u00c1lvarez sigue siendo un&nbsp;<strong>referente arquitect\u00f3nico y educativo<\/strong>. Su restauraci\u00f3n en 1994 reafirm\u00f3 el compromiso de preservarlo como una joya del paisaje urbano mendocino.<\/p>\n\n\n\n<p>Desde la Plaza Independencia, el edificio se integra arm\u00f3nicamente con el viejo\u00a0<strong>Plaza Hotel<\/strong>\u00a0-actualmente Park Hyatt- y el\u00a0<strong>Teatro Independencia<\/strong>, conformando un conjunto patrimonial que resume el esp\u00edritu de una ciudad que supo reconstruirse con dignidad y belleza.<\/p>\n\n\n\n<p>M\u00e1s que una escuela, el Agust\u00edn \u00c1lvarez es un&nbsp;<strong>s\u00edmbolo de continuidad<\/strong>. Su arquitectura encierra el eco de una Mendoza que apost\u00f3 al conocimiento como cimiento del progreso. Sus patios, sus galer\u00edas y sus pisos siguen hablando, como si cada elemento guardara la promesa de que el tiempo -mientras haya quienes lo recuerden- puede detenerse.<\/p>\n\n\n\n<p>En cada aula, en cada banco de madera, en cada libro amarillento, el colegio sigue siendo lo que siempre fue:\u00a0<strong>una c\u00e1psula de memoria viva<\/strong>, un refugio donde la historia mendocina no s\u00f3lo se ense\u00f1a, sino que se\u00a0<strong>escucha<\/strong>.<\/p>\n\n\n\n<p><strong>Fuente: www.mendozapost.com<\/strong><\/p>\n","protected":false},"excerpt":{"rendered":"<p>Hay edificios que no s\u00f3lo guardan historia:&nbsp;la respiran. En el caso del&nbsp;Colegio Nacional Agust\u00edn \u00c1lvarez, la memoria parece filtrarse por los mosaicos, las m\u00e9nsulas met\u00e1licas, los ecos del auditorio y los patios donde a\u00fan se escucha el murmullo de decenas de generaciones pasadas.&nbsp; Frente a la\u00a0Plaza Independencia, en pleno centro de la Ciudad de Mendoza, [&hellip;]<\/p>\n","protected":false},"author":2,"featured_media":15754,"comment_status":"open","ping_status":"open","sticky":false,"template":"","format":"standard","meta":[],"categories":[50],"tags":[],"_links":{"self":[{"href":"https:\/\/pasaenmendoza.com\/index.php?rest_route=\/wp\/v2\/posts\/15753"}],"collection":[{"href":"https:\/\/pasaenmendoza.com\/index.php?rest_route=\/wp\/v2\/posts"}],"about":[{"href":"https:\/\/pasaenmendoza.com\/index.php?rest_route=\/wp\/v2\/types\/post"}],"author":[{"embeddable":true,"href":"https:\/\/pasaenmendoza.com\/index.php?rest_route=\/wp\/v2\/users\/2"}],"replies":[{"embeddable":true,"href":"https:\/\/pasaenmendoza.com\/index.php?rest_route=%2Fwp%2Fv2%2Fcomments&post=15753"}],"version-history":[{"count":1,"href":"https:\/\/pasaenmendoza.com\/index.php?rest_route=\/wp\/v2\/posts\/15753\/revisions"}],"predecessor-version":[{"id":15755,"href":"https:\/\/pasaenmendoza.com\/index.php?rest_route=\/wp\/v2\/posts\/15753\/revisions\/15755"}],"wp:featuredmedia":[{"embeddable":true,"href":"https:\/\/pasaenmendoza.com\/index.php?rest_route=\/wp\/v2\/media\/15754"}],"wp:attachment":[{"href":"https:\/\/pasaenmendoza.com\/index.php?rest_route=%2Fwp%2Fv2%2Fmedia&parent=15753"}],"wp:term":[{"taxonomy":"category","embeddable":true,"href":"https:\/\/pasaenmendoza.com\/index.php?rest_route=%2Fwp%2Fv2%2Fcategories&post=15753"},{"taxonomy":"post_tag","embeddable":true,"href":"https:\/\/pasaenmendoza.com\/index.php?rest_route=%2Fwp%2Fv2%2Ftags&post=15753"}],"curies":[{"name":"wp","href":"https:\/\/api.w.org\/{rel}","templated":true}]}}