{"id":15756,"date":"2025-11-17T18:10:42","date_gmt":"2025-11-17T17:10:42","guid":{"rendered":"https:\/\/pasaenmendoza.com\/?p=15756"},"modified":"2025-11-17T18:10:43","modified_gmt":"2025-11-17T17:10:43","slug":"cornejo-y-jaque-avanzan-con-el-nodo-m-el-polo-industrial-que-prepara-a-malargue-para-mas-de-100-proyectos-mineros","status":"publish","type":"post","link":"https:\/\/pasaenmendoza.com\/?p=15756","title":{"rendered":"Cornejo y Jaque avanzan con el Nodo M+, el polo industrial que prepara a Malarg\u00fce para m\u00e1s de 100 proyectos mineros"},"content":{"rendered":"\n<p>El gobernador Alfredo Cornejo y el intendente Celso Jaque, de distintos colores pol\u00edticos, hicieron eje en el desarrollo del\u00a0<strong>Nodo M+\u00a0<\/strong>en<strong>\u00a0Malarg\u00fce<\/strong>, un polo industrial clave para la radicaci\u00f3n de nuevas empresas de cara al boom minero.<\/p>\n\n\n\n<p>Fue este domingo, durante el almuerzo de las&nbsp;<strong>Fuerzas Vivas<\/strong>&nbsp;por el 75\u00ba aniversario de la segunda fundaci\u00f3n del departamento.<\/p>\n\n\n\n<p>Cornejo, Jaque, la vicegobernadora Hebe Casado y el ministro de Defensa y diputado electo\u00a0<strong>Luis Petri<\/strong>\u00a0se congregaron en el Sur de Mendoza, terreno que hoy aparece como uno de los grandes potenciales de crecimiento de la provincia.<\/p>\n\n\n\n<h2 class=\"wp-block-heading\">El Nodo M+ para el que la Provincia le dio m\u00e1s de $186 millones a Malarg\u00fce<\/h2>\n\n\n\n<p>El gobernador record\u00f3 que, mientras la Legislatura analiza la Declaraci\u00f3n de Impacto Ambiental de 27 proyectos mineros de exploraci\u00f3n en&nbsp;<strong>Malarg\u00fce<\/strong>, la Direcci\u00f3n de&nbsp;<strong>Miner\u00eda<\/strong>&nbsp;desarrolla la tercera etapa del&nbsp;<strong>Distrito Minero Malarg\u00fce Occidental<\/strong>, que suma 71 nuevos proyectos.<\/p>\n\n\n\n<p>En total, entre los ya aprobados \u2013 que est\u00e1n en pleno desarrollo-, los que est\u00e1n en an\u00e1lisis en Diputados y esos 71 que se vienen, el a\u00f1o que viene&nbsp;<strong>Malarg\u00fce podr\u00eda contar con 136 emprendimientos<\/strong>&nbsp;autorizados por ley, transform\u00e1ndose en el&nbsp;<strong>territorio minero<\/strong>&nbsp;m\u00e1s din\u00e1mico de la Argentina.<\/p>\n\n\n\n<p>Teniendo en cuenta este desarrollo desde la Provincia y el municipio hacen fuerte hincapi\u00e9 en el&nbsp;<strong>Nodo M+<\/strong>, motor estrat\u00e9gico para el desarrollo industrial, minero, energ\u00e9tico.<\/p>\n\n\n\n<p>Se trata un&nbsp;<strong>polo en la zona industrial Grassi<\/strong>, concebido para ordenar el perfil industrial del departamento y facilitar la radicaci\u00f3n de nuevas compa\u00f1\u00edas.<\/p>\n\n\n\n<p>El proyecto abarca la reconversi\u00f3n de los antiguos galpones de la ex f\u00e1brica Grassi y la creaci\u00f3n de un loteo para que se instalen las empresas.<\/p>\n\n\n\n<p>Mediante un convenio que se firm\u00f3 a fines de septiembre, la Provincia comprometi\u00f3 un\u00a0<strong>aporte no reembolsable (ANR)<\/strong>\u00a0de hasta $186.119.380,31, lo que representa 75% del costo total estimado de la obra.<\/p>\n\n\n\n<p>Este aporte permitir\u00e1 avanzar con la licitaci\u00f3n p\u00fablica para la instalaci\u00f3n de la&nbsp;<strong>l\u00ednea de energ\u00eda el\u00e9ctrica<\/strong>, para poner en marcha la primera etapa del parque industrial.<\/p>\n\n\n\n<p>El objetivo es concreto: que la&nbsp;<strong>miner\u00eda<\/strong>, el petr\u00f3leo, la agroindustria, el turismo y la econom\u00eda del conocimiento tengan un espacio com\u00fan, preparado para recibir inversiones.<\/p>\n\n\n\n<p>Este desarrollo se suma al de\u00a0<strong>Pata Mora<\/strong>, concebido como otro\u00a0<strong>polo estrat\u00e9gico<\/strong>\u00a0para transformar la matriz productiva del Sur mendocino, con obras viales, el\u00e9ctricas, industriales y de urbanizaci\u00f3n en distintas fases de ejecuci\u00f3n.<\/p>\n\n\n\n<p>Para Cornejo, \u201c<strong>Malarg\u00fce<\/strong>&nbsp;dej\u00f3 de ser promesa y se consolida como el n\u00facleo duro de la nueva matriz productiva mendocina, con la miner\u00eda y la energ\u00eda como vectores centrales, respaldadas por un paquete de obras p\u00fablicas e inversiones\u201d que el propio mandatario defini\u00f3 como \u201cdif\u00edcil de encontrar en la historia\u201d.<\/p>\n\n\n\n<h2 class=\"wp-block-heading\">Qu\u00e9 se sabe del Nodo M+ para el desarrollo minero y energ\u00e9tico en Malarg\u00fce<\/h2>\n\n\n\n<p>Lo que se busca con este\u00a0<strong>Proyecto Energ\u00e9tico Nodo M+<\/strong>\u00a0es reubicar a empresas con alto impacto urbano y ambiental en la zona de la ex f\u00e1brica Grassi que, actualmente, son propiedad de la Municipalidad de Malarg\u00fce.<\/p>\n\n\n\n<p>Adem\u00e1s, claro, busca potenciar la infraestructura existente en la zona para facilitar el desarrollo de las actividades productivas y atraer inversiones a&nbsp;<strong>Malarg\u00fce<\/strong>.<\/p>\n\n\n\n<p>El aporte no reembolsable que comprometi\u00f3 el Gobierno provincial representa las tres cuartas partes del&nbsp;<strong>financiamiento<\/strong>&nbsp;para el proyecto.<\/p>\n\n\n\n<p>\u201c<strong>Malarg\u00fce<\/strong>&nbsp;tiene todo para convertirse en un centro estrat\u00e9gico de crecimiento econ\u00f3mico para el Sur de Mendoza\u201d, consider\u00f3 el gobernador.<\/p>\n\n\n\n<p>La Municipalidad de&nbsp;<strong>Malarg\u00fce&nbsp;<\/strong>ser\u00e1 la encargada de ejecutar la obra . Esto incluye la contrataci\u00f3n de empresas, la supervisi\u00f3n t\u00e9cnica y la rendici\u00f3n de cuentas ante el Gobierno Provincial.<\/p>\n\n\n\n<p>El proyecto\u00a0<strong>Nodo M+<\/strong>\u00a0&#8220;es una respuesta a las necesidades de las empresas locales que enfrentan dificultades para expandirse debido a la falta de infraestructura adecuada. Este proyecto va a ser un motor de desarrollo para la ciudad y la provincia\u201d, dijo en su momento el intendente de\u00a0<strong>Malarg\u00fce<\/strong>,\u00a0<strong>Celso Jaque<\/strong>.<\/p>\n\n\n\n<p><strong>Fuente: www.diariouno.com.ar<\/strong><\/p>\n","protected":false},"excerpt":{"rendered":"<p>El gobernador Alfredo Cornejo y el intendente Celso Jaque, de distintos colores pol\u00edticos, hicieron eje en el desarrollo del\u00a0Nodo M+\u00a0en\u00a0Malarg\u00fce, un polo industrial clave para la radicaci\u00f3n de nuevas empresas de cara al boom minero. Fue este domingo, durante el almuerzo de las&nbsp;Fuerzas Vivas&nbsp;por el 75\u00ba aniversario de la segunda fundaci\u00f3n del departamento. Cornejo, Jaque, [&hellip;]<\/p>\n","protected":false},"author":2,"featured_media":15757,"comment_status":"open","ping_status":"open","sticky":false,"template":"","format":"standard","meta":[],"categories":[116],"tags":[],"_links":{"self":[{"href":"https:\/\/pasaenmendoza.com\/index.php?rest_route=\/wp\/v2\/posts\/15756"}],"collection":[{"href":"https:\/\/pasaenmendoza.com\/index.php?rest_route=\/wp\/v2\/posts"}],"about":[{"href":"https:\/\/pasaenmendoza.com\/index.php?rest_route=\/wp\/v2\/types\/post"}],"author":[{"embeddable":true,"href":"https:\/\/pasaenmendoza.com\/index.php?rest_route=\/wp\/v2\/users\/2"}],"replies":[{"embeddable":true,"href":"https:\/\/pasaenmendoza.com\/index.php?rest_route=%2Fwp%2Fv2%2Fcomments&post=15756"}],"version-history":[{"count":1,"href":"https:\/\/pasaenmendoza.com\/index.php?rest_route=\/wp\/v2\/posts\/15756\/revisions"}],"predecessor-version":[{"id":15758,"href":"https:\/\/pasaenmendoza.com\/index.php?rest_route=\/wp\/v2\/posts\/15756\/revisions\/15758"}],"wp:featuredmedia":[{"embeddable":true,"href":"https:\/\/pasaenmendoza.com\/index.php?rest_route=\/wp\/v2\/media\/15757"}],"wp:attachment":[{"href":"https:\/\/pasaenmendoza.com\/index.php?rest_route=%2Fwp%2Fv2%2Fmedia&parent=15756"}],"wp:term":[{"taxonomy":"category","embeddable":true,"href":"https:\/\/pasaenmendoza.com\/index.php?rest_route=%2Fwp%2Fv2%2Fcategories&post=15756"},{"taxonomy":"post_tag","embeddable":true,"href":"https:\/\/pasaenmendoza.com\/index.php?rest_route=%2Fwp%2Fv2%2Ftags&post=15756"}],"curies":[{"name":"wp","href":"https:\/\/api.w.org\/{rel}","templated":true}]}}