{"id":1576,"date":"2023-09-20T14:02:57","date_gmt":"2023-09-20T12:02:57","guid":{"rendered":"https:\/\/pasaenmendoza.com\/?p=1576"},"modified":"2023-09-20T14:02:58","modified_gmt":"2023-09-20T12:02:58","slug":"miles-de-aspirantes-a-entrar-al-gobierno-acarreados-al-cierre-de-campana-de-de-marchi","status":"publish","type":"post","link":"https:\/\/pasaenmendoza.com\/?p=1576","title":{"rendered":"Miles de aspirantes a entrar al Gobierno, acarreados al cierre de campa\u00f1a de De Marchi"},"content":{"rendered":"\n<p> La Uni\u00f3n Mendocina, como captaron las im\u00e1genes, recibi\u00f3 un fuerte respaldo de los peronistas que quieren volver a ocupar cargos en la Casa de Gobierno. Est\u00e1n fuera tras la gesti\u00f3n de Paco P\u00e9rez y encontraron en De Marchi y Orozco el veh\u00edculo conductor que los puede regresar a ocupar puestos y manejar recursos.<\/p>\n\n\n\n<p>Las viejas ma\u00f1as de la pol\u00edtica volvieron a aparecer este lunes en Mendoza con la contrataci\u00f3n de decenas de veh\u00edculos de diverso tama\u00f1o para acarrear personas que colmaron el auditorio del Arena Maip\u00fa, en un acto de cierre de campa\u00f1a de Omar De Marchi junto a Daniel Orozco.<\/p>\n\n\n\n<p>Ya se hab\u00eda visto en las PASO de Las Heras la irrupci\u00f3n una vez m\u00e1s de las Traffic para llevar gente a votar, pero no le result\u00f3 suficiente.<\/p>\n\n\n\n<p>Las ma\u00f1as vuelven, curiosamente, con los &#8220;nuevos&#8221; espacios pol\u00edticos, que pronto se desmoronan en la historia de Mendoza, como ya sucediera con los espacios creados por el exfiscal de Estado Aldo Giordano, el ahora peronista\u00a0 Jos\u00e9 Luis Ram\u00f3n, el religioso H\u00e9ctor Hugo Bonarrico, el multipartidario Marcelo Romano o &#8220;el defensor&#8221; Ricardo Puga.<\/p>\n\n\n\n<p>Ahora, el apoyo log\u00edstico -con un De Marchi que tras irse del PRO no present\u00f3 casi candidatos a intendentes propios, salvo muy pocos- provino del &#8220;peronismo blue&#8221;, que maneja sindicatos y organizaciones, bajo la batuta del retorno de los hermanos Alejandro, Pablo y Andr\u00e9s Cazab\u00e1n (que antes repart\u00edan el apellido entre la estructura de Sergio Massa, el lafallismo y el kirchnerismo), adem\u00e1s de otros \u00edconos gremiales y de intendentes como el lavallino Roberto Righi.<\/p>\n\n\n\n<p>La Uni\u00f3n Mendocina, como captaron las im\u00e1genes, recibi\u00f3 un fuerte respaldo de los peronistas que quieren volver a ocupar cargos en la Casa de Gobierno. Est\u00e1n fuera tras la gesti\u00f3n de Paco P\u00e9rez y encontraron en De Marchi y Orozco el veh\u00edculo conductor que los puede regresar a ocupar puestos y manejar recursos.<\/p>\n\n\n\n<p>De hecho, m\u00e1s de 7 mil personas concurrieron anoche casi como forma de postularse a entrar a alg\u00fan lugar en el Gobierno.<\/p>\n\n\n\n<p>FUENTE: memo.com.ar<\/p>\n\n\n\n<p><\/p>\n","protected":false},"excerpt":{"rendered":"<p>La Uni\u00f3n Mendocina, como captaron las im\u00e1genes, recibi\u00f3 un fuerte respaldo de los peronistas que quieren volver a ocupar cargos en la Casa de Gobierno. Est\u00e1n fuera tras la gesti\u00f3n de Paco P\u00e9rez y encontraron en De Marchi y Orozco el veh\u00edculo conductor que los puede regresar a ocupar puestos y manejar recursos. Las viejas [&hellip;]<\/p>\n","protected":false},"author":2,"featured_media":1577,"comment_status":"open","ping_status":"open","sticky":true,"template":"","format":"standard","meta":[],"categories":[47],"tags":[],"_links":{"self":[{"href":"https:\/\/pasaenmendoza.com\/index.php?rest_route=\/wp\/v2\/posts\/1576"}],"collection":[{"href":"https:\/\/pasaenmendoza.com\/index.php?rest_route=\/wp\/v2\/posts"}],"about":[{"href":"https:\/\/pasaenmendoza.com\/index.php?rest_route=\/wp\/v2\/types\/post"}],"author":[{"embeddable":true,"href":"https:\/\/pasaenmendoza.com\/index.php?rest_route=\/wp\/v2\/users\/2"}],"replies":[{"embeddable":true,"href":"https:\/\/pasaenmendoza.com\/index.php?rest_route=%2Fwp%2Fv2%2Fcomments&post=1576"}],"version-history":[{"count":1,"href":"https:\/\/pasaenmendoza.com\/index.php?rest_route=\/wp\/v2\/posts\/1576\/revisions"}],"predecessor-version":[{"id":1578,"href":"https:\/\/pasaenmendoza.com\/index.php?rest_route=\/wp\/v2\/posts\/1576\/revisions\/1578"}],"wp:featuredmedia":[{"embeddable":true,"href":"https:\/\/pasaenmendoza.com\/index.php?rest_route=\/wp\/v2\/media\/1577"}],"wp:attachment":[{"href":"https:\/\/pasaenmendoza.com\/index.php?rest_route=%2Fwp%2Fv2%2Fmedia&parent=1576"}],"wp:term":[{"taxonomy":"category","embeddable":true,"href":"https:\/\/pasaenmendoza.com\/index.php?rest_route=%2Fwp%2Fv2%2Fcategories&post=1576"},{"taxonomy":"post_tag","embeddable":true,"href":"https:\/\/pasaenmendoza.com\/index.php?rest_route=%2Fwp%2Fv2%2Ftags&post=1576"}],"curies":[{"name":"wp","href":"https:\/\/api.w.org\/{rel}","templated":true}]}}