{"id":15762,"date":"2025-11-17T18:18:28","date_gmt":"2025-11-17T17:18:28","guid":{"rendered":"https:\/\/pasaenmendoza.com\/?p=15762"},"modified":"2025-11-17T18:18:29","modified_gmt":"2025-11-17T17:18:29","slug":"el-camino-a-los-90-anos-de-la-vendimia-comenzo-con-la-eleccion-de-la-nueva-reina-de-san-carlos","status":"publish","type":"post","link":"https:\/\/pasaenmendoza.com\/?p=15762","title":{"rendered":"El camino a los 90 a\u00f1os de la Vendimia comenz\u00f3 con la elecci\u00f3n de la nueva reina de San Carlos"},"content":{"rendered":"\n<p><strong>San Carlos<\/strong>\u00a0abri\u00f3 el calendario de fiestas departamentales camino a la celebraci\u00f3n del 90\u00b0 aniversario de la\u00a0<strong>Fiesta Nacional de la\u00a0Vendimia<\/strong>. Este fin de semana en el anfiteatro Ney\u00fa Mapu se realiz\u00f3 &#8220;Historia con alma de tradici\u00f3n y Vendimia&#8221; y en ese contexto se eligi\u00f3 a la reina que representar\u00e1 a los sancarlinos.<\/p>\n\n\n\n<p><strong>Virginia Milagros G\u00f3mez Coronel<\/strong>&nbsp;llegar\u00e1 en marzo al teatro griego Frank Romero Day con todas las ilusiones de portar la corona nacional de la&nbsp;<strong>Vendimia 2026<\/strong>. Le queda un largo recorrido a\u00fan, de promoci\u00f3n y difusi\u00f3n acerca de las bondades de su departamento ubicado en el Valle de Uco.<\/p>\n\n\n\n<p>La\u00a0<strong>reina de San Carlos<\/strong>\u00a0tiene 21 a\u00f1os, cursa el profesorado de Lengua y Literatura, represent\u00f3 a la Villa de\u00a0<strong>San Carlos<\/strong>\u00a0y fue electa el domingo tras el acto vendimial. Luz Soria le traspas\u00f3 los atributos reales.\u00a0<strong>Agostina Muriel Ber\u00f3n Gorrido<\/strong>, de Pareditas, fue elegida virreina departamental de la\u00a0<strong>Vendimia<\/strong>.<\/p>\n\n\n\n<p>Virginia G\u00f3mez obtuvo 65 votos en una disputa re\u00f1ida ya que Agostina la sigui\u00f3 de cerca con 61. En ese marco,&nbsp;<strong>Mar\u00eda Guadalupe P\u00e9rez Olmos<\/strong>, representante de La Consulta fue designada Embajadora de la Ganader\u00eda de&nbsp;<strong>San Carlos<\/strong>&nbsp;tras obtener 59 votos a favor.<\/p>\n\n\n\n<p>En este inicio de\u00a0vendimias departamentales\u00a0estuvo presente la\u00a0<strong>Reina Nacional de la Vendimia 2025<\/strong>,\u00a0<strong>Alejandrina<\/strong>\u00a0<strong>Funes<\/strong>, adem\u00e1s de autoridades provinciales y municipales como el subsecretario de Cultura\u00a0<strong>Diego Gareca<\/strong>\u00a0y el intendente\u00a0<strong>Alejandro Morillas<\/strong>.<\/p>\n\n\n\n<h2 class=\"wp-block-heading\">La Vendimia del departamento m\u00e1s antiguo de Mendoza<\/h2>\n\n\n\n<p>El espect\u00e1culo, titulado&nbsp;<strong>\u201cHistorias con alma de tradici\u00f3n y Vendimia\u201d<\/strong>, se llev\u00f3 a cabo en el anfiteatro Ney\u00fa Mapu el domingo, tras haber sido reprogramado debido a una alerta meteorol\u00f3gica para el s\u00e1bado pasado. Cont\u00f3 con la locuci\u00f3n de Sergio &#8220;Coco&#8221; Gras y Laura Carbonari.<\/p>\n\n\n\n<p>El acto central de la&nbsp;<strong>Vendimia<\/strong>&nbsp;de&nbsp;<strong>San Carlos<\/strong>&nbsp;estuvo protagonizado por m\u00e1s de 200 artistas locales y propuso un recorrido esc\u00e9nico por la historia, la identidad cultural y las tradiciones productivas del departamento, resaltando el trabajo comunitario y la vinculaci\u00f3n con la cultura vitivin\u00edcola.<\/p>\n\n\n\n<p>La puesta se desarroll\u00f3 a partir de un guion que abord\u00f3 los cambios generacionales en la vida rural, contados a trav\u00e9s de la historia de una familia que eval\u00faa la venta de su finca.<\/p>\n\n\n\n<p>El grupo de cumbia&nbsp;<strong>Amar Azul<\/strong>&nbsp;cerr\u00f3 la noche para el disfrute de los vecinos de&nbsp;<strong>San Carlos<\/strong>&nbsp;que mantuvieron viva la tradici\u00f3n de celebrar una nueva&nbsp;<strong>Vendimia<\/strong>.<\/p>\n\n\n\n<p>Este a\u00f1o\u00a0<strong>San Carlos<\/strong>, el departamento m\u00e1s antiguo de la provincia, decidi\u00f3\u00a0unificar la Fiesta de la Tradici\u00f3n\u00a0con su\u00a0<strong>Vendimia<\/strong>\u00a0para recortar gastos. Ahora quedan 17 vendimias departamentales hasta completar el racimo de fiestas con sus soberanas electas que buscar\u00e1n quedarse con la corona de\u00a0<strong>reina<\/strong>\u00a0nacional.<\/p>\n\n\n\n<p>La pr\u00f3xima\u00a0<strong>Vendimia<\/strong>\u00a0departamental ser\u00e1 la de Guaymall\u00e9n, el viernes 19 de diciembre en el Predio de la Virgen.<\/p>\n\n\n\n<p><strong>Fuente: www.diariouno.com.ar<\/strong><\/p>\n","protected":false},"excerpt":{"rendered":"<p>San Carlos\u00a0abri\u00f3 el calendario de fiestas departamentales camino a la celebraci\u00f3n del 90\u00b0 aniversario de la\u00a0Fiesta Nacional de la\u00a0Vendimia. Este fin de semana en el anfiteatro Ney\u00fa Mapu se realiz\u00f3 &#8220;Historia con alma de tradici\u00f3n y Vendimia&#8221; y en ese contexto se eligi\u00f3 a la reina que representar\u00e1 a los sancarlinos. Virginia Milagros G\u00f3mez Coronel&nbsp;llegar\u00e1 [&hellip;]<\/p>\n","protected":false},"author":2,"featured_media":15763,"comment_status":"open","ping_status":"open","sticky":false,"template":"","format":"standard","meta":[],"categories":[74],"tags":[],"_links":{"self":[{"href":"https:\/\/pasaenmendoza.com\/index.php?rest_route=\/wp\/v2\/posts\/15762"}],"collection":[{"href":"https:\/\/pasaenmendoza.com\/index.php?rest_route=\/wp\/v2\/posts"}],"about":[{"href":"https:\/\/pasaenmendoza.com\/index.php?rest_route=\/wp\/v2\/types\/post"}],"author":[{"embeddable":true,"href":"https:\/\/pasaenmendoza.com\/index.php?rest_route=\/wp\/v2\/users\/2"}],"replies":[{"embeddable":true,"href":"https:\/\/pasaenmendoza.com\/index.php?rest_route=%2Fwp%2Fv2%2Fcomments&post=15762"}],"version-history":[{"count":1,"href":"https:\/\/pasaenmendoza.com\/index.php?rest_route=\/wp\/v2\/posts\/15762\/revisions"}],"predecessor-version":[{"id":15764,"href":"https:\/\/pasaenmendoza.com\/index.php?rest_route=\/wp\/v2\/posts\/15762\/revisions\/15764"}],"wp:featuredmedia":[{"embeddable":true,"href":"https:\/\/pasaenmendoza.com\/index.php?rest_route=\/wp\/v2\/media\/15763"}],"wp:attachment":[{"href":"https:\/\/pasaenmendoza.com\/index.php?rest_route=%2Fwp%2Fv2%2Fmedia&parent=15762"}],"wp:term":[{"taxonomy":"category","embeddable":true,"href":"https:\/\/pasaenmendoza.com\/index.php?rest_route=%2Fwp%2Fv2%2Fcategories&post=15762"},{"taxonomy":"post_tag","embeddable":true,"href":"https:\/\/pasaenmendoza.com\/index.php?rest_route=%2Fwp%2Fv2%2Ftags&post=15762"}],"curies":[{"name":"wp","href":"https:\/\/api.w.org\/{rel}","templated":true}]}}