{"id":15781,"date":"2025-11-18T19:29:19","date_gmt":"2025-11-18T18:29:19","guid":{"rendered":"https:\/\/pasaenmendoza.com\/?p=15781"},"modified":"2025-11-18T19:29:49","modified_gmt":"2025-11-18T18:29:49","slug":"el-presupuesto-2026-es-ley-la-oposicion-puso-peros-aunque-acompano-con-el-voto","status":"publish","type":"post","link":"https:\/\/pasaenmendoza.com\/?p=15781","title":{"rendered":"El Presupuesto 2026 es ley: la oposici\u00f3n puso &#8220;peros&#8221; aunque acompa\u00f1\u00f3 con el voto"},"content":{"rendered":"\n<p>El Senado aprob\u00f3 la ley del&nbsp;<strong>Presupuesto 2026<\/strong>&nbsp;por amplia mayor\u00eda, tal como sucedi\u00f3 en la C\u00e1mara de Diputados. Solo tres legisladores se opusieron: dos del kirchnerismo y uno del Partido Verde.<\/p>\n\n\n\n<p>El&nbsp;<strong>peronismo<\/strong>&nbsp;puso sus reparos no solo al proyecto de ley sino tambi\u00e9n al andar del Gobierno provincial, pero la mayor\u00eda del bloque acab\u00f3 votando de manera afirmativa tanto la iniciativa en General como el cap\u00edtulo de&nbsp;<strong>endeudamiento<\/strong>&nbsp;y refinanciaci\u00f3n de deuda o&nbsp;<em><strong>roll over<\/strong><\/em>.<\/p>\n\n\n\n<p>&#8220;No podemos dejar a la provincia sin presupuesto. No est\u00e1 en el esp\u00edritu del peronismo&#8221;, dijo la senadora&nbsp;<strong>Adriana Cano<\/strong>, en representaci\u00f3n del Partido Justicialista.<\/p>\n\n\n\n<p>De esa bancada solo los senadores F\u00e9lix Gonz\u00e1lez y Helio Pervi\u00fa, que responden a Anabel Fern\u00e1ndez Sagasti, votaron en contra del&nbsp;<strong>Presupuesto 2026<\/strong>.<\/p>\n\n\n\n<p>El otro legislador que no acompa\u00f1\u00f3 el proyecto del oficialismo fue&nbsp;<strong>Dugar Chappel<\/strong>.<\/p>\n\n\n\n<p>En definitiva, el&nbsp;<strong>Presupuesto&nbsp;<\/strong>para el a\u00f1o que viene fue aprobado por 35 a 3.<\/p>\n\n\n\n<p>Las otras dos leyes que se votaron por mayor\u00eda este martes fueron&nbsp;<strong>Aval\u00fao e Impositiva<\/strong>.<\/p>\n\n\n\n<h2 class=\"wp-block-heading\">S\u00ed al Presupuesto 2026, aunque con cr\u00edticas<\/h2>\n\n\n\n<p>Buena parte de la oposici\u00f3n aprovech\u00f3 la sesi\u00f3n para cuestionar el reparto de gastos que planific\u00f3 el&nbsp;<strong>Gobierno<\/strong>&nbsp;provincial de cara al 2026.<\/p>\n\n\n\n<p>Desde el Partido Justicialista se plante\u00f3 que la aprobaci\u00f3n del&nbsp;<strong>Presupuesto<\/strong>&nbsp;no significa un \u201capoyo a la gesti\u00f3n ni un cheque en blanco\u201d. En ese sentido, Cano, como vocera de la bancada, anticip\u00f3 que el peronismo seguir\u00e1 de cerca inversi\u00f3n por inversi\u00f3n para que se cumpla lo pautado, especialmente en torno a las obras en las escuelas.<\/p>\n\n\n\n<p>Tambi\u00e9n votaron a favor del proyecto del oficialismo, el interbloque de La Uni\u00f3n Mendocina y el senador del&nbsp;<strong>Partido Dem\u00f3crata<\/strong>&nbsp;Armando Magistretti.<\/p>\n\n\n\n<p>Tras la votaci\u00f3n en general, todos los bloques opositores se opusieron a algunos art\u00edculos en particular.<\/p>\n\n\n\n<p>Quienes directamente votaron en contra del proyecto de&nbsp;<strong>Presupuesto<\/strong>&nbsp;fueron Gonz\u00e1lez, Pervi\u00fa y Chappel, los tres con visiones similares.<\/p>\n\n\n\n<p>\u201cLa Legislatura no funciona y seguimos sin resolver los problemas de la gente. Tenemos que recuperar un di\u00e1logo serio y sensato sobre c\u00f3mo debatimos algo tan importante como el presupuesto y no esta pantomima que hacemos\u201d, cuestion\u00f3 F\u00e9lix Gonz\u00e1lez sobre el tratamiento previo de las leyes de&nbsp;<strong>Presupuesto, Aval\u00fao e Impositiva<\/strong>.<\/p>\n\n\n\n<p>En tanto que, al expresarse por la negativa explic\u00f3 que el proyecto refleja la alianza entre el presidente Javier Milei y el gobernador Alfredo Cornejo: \u201cUno ajusta y el otro se endeuda\u201d.<\/p>\n\n\n\n<p>Y a pesar de no acompa\u00f1ar el&nbsp;<strong>endeudamiento<\/strong>&nbsp;con el voto, manifest\u00f3 que tanto \u00e9l como Pervi\u00fa est\u00e1n de acuerdo con obras como el Metrotranv\u00eda y el Tren de Cercan\u00edas \u201cdesde hace muchos a\u00f1os\u201d, incluso \u201cdesde la \u00e9poca en la que Cornejo quer\u00eda frenarlos\u201d.<\/p>\n\n\n\n<h2 class=\"wp-block-heading\">Endeudamiento para obras y roll ver<\/h2>\n\n\n\n<p>El Presupuesto aprobado incluye tres autorizaciones para&nbsp;<strong>toma de deuda<\/strong>&nbsp;con fines espec\u00edficos: la continuidad de la obra de ampliaci\u00f3n del Metrotranv\u00eda hacia Luj\u00e1n de Cuyo y el Aeropuerto; la obra del Tren de Cercan\u00edas del Este; y reparaci\u00f3n o construcci\u00f3n de edificios escolares.<\/p>\n\n\n\n<p>Adem\u00e1s, la Legislatura autoriz\u00f3 al Poder Ejectutivo a refinanciar o rollear los vencimientos del a\u00f1o que viene de la&nbsp;<strong>deuda p\u00fablica<\/strong>&nbsp;en d\u00f3lares.<\/p>\n\n\n\n<p>&#8220;El&nbsp;<strong>presupuesto&nbsp;<\/strong>asciende a $5,6 billones y mantiene una marca distintiva de nuestra provincia: el 14% del gasto destinado a obra p\u00fablica, uno de los niveles m\u00e1s altos del pa\u00eds. Esto permite ampliar el Metrotranv\u00eda, avanzar con el Tren de Cercan\u00edas, mejorar escuelas, fortalecer hospitales y ejecutar rutas estrat\u00e9gicas que sostienen la producci\u00f3n&#8221;, asegur\u00f3 la vicegobernadora y presidenta del&nbsp;<strong>Senado<\/strong>, Hebe Casado.<\/p>\n\n\n\n<p>&#8220;Tambi\u00e9n logramos reducir la necesidad de financiamiento, porque administramos bien el mantenimiento y ordenamos el gasto&#8221;, agreg\u00f3 en sus redes sociales.<\/p>\n\n\n\n<h2 class=\"wp-block-heading\">Aval\u00fao e Impositiva, aprobadas sin el voto del peronismo<\/h2>\n\n\n\n<p>Tal cual sucedi\u00f3 en la C\u00e1mara de Diputados, el peronismo no acompa\u00f1\u00f3 las&nbsp;<strong>leyes de Aval\u00fao e Impositiva<\/strong>, que, de todas maneras, fueron aprobadas por amplia mayor\u00eda.<\/p>\n\n\n\n<p><strong>Impositiva&nbsp;<\/strong>recibi\u00f3 28 votos a favor y 10 en contra; en tanto que&nbsp;<strong>Aval\u00fao Fiscal<\/strong>&nbsp;obtuvo 27 votos a favor y 11 en contra.<\/p>\n\n\n\n<p>El tratamiento de ambos proyectos se dio de manera conjunta, teniendo en cuenta que el Aval\u00fao constituye la base para la determinaci\u00f3n del&nbsp;<strong>Impuesto Inmobiliario<\/strong>.<\/p>\n\n\n\n<h3 class=\"wp-block-heading\">Aval\u00fao<\/h3>\n\n\n\n<p>La ley mantiene el m\u00e9todo catastral para la valuaci\u00f3n masiva basado en inteligencia artificial, que calcula el valor unitario de tierra de inmuebles urbanos e interfase, y el valor \u00fanico total del inmueble para los ubicados en zonas rurales, mediante los Mapas de Valores Generales elaborados por el Observatorio del Mercado Inmobiliario de Mendoza (OMIM).<\/p>\n\n\n\n<p>Seg\u00fan el Gobierno, la adecuaci\u00f3n de las valuaciones a valores de mercado permitir\u00e1 mejorar la base imponible y la equidad tributaria del&nbsp;<strong>Impuesto Inmobiliario<\/strong>.<\/p>\n\n\n\n<h3 class=\"wp-block-heading\">Impositiva<\/h3>\n\n\n\n<p>Ingresos Brutos<\/p>\n\n\n\n<ul>\n<li>&nbsp;Servicios conexos a la agricultura, caza, silvicultura y pesca: reducci\u00f3n de la presi\u00f3n fiscal del 13% respecto a 2025.<\/li>\n\n\n\n<li>Servicios relacionados con la explotaci\u00f3n de minas y canteras: baja de 0,5 puntos porcentuales, equivalente a un alivio del 11%.<\/li>\n\n\n\n<li>Servicios conexos a la industria: reducci\u00f3n de entre 0,5 y 1,25 puntos, equivalente a una disminuci\u00f3n del 11% al 29%.<\/li>\n\n\n\n<li>Gastronom\u00eda y hoteler\u00eda: reducci\u00f3n de 0,25 puntos porcentuales, equivalente a una baja de entre el 6% y el 13%.<\/li>\n<\/ul>\n\n\n\n<p>Sellos<\/p>\n\n\n\n<p>Se mantiene la reducci\u00f3n gradual de la al\u00edcuota general, que en 2026 ser\u00e1 del 1%, lo que representa una disminuci\u00f3n del 20% respecto al a\u00f1o anterior.<\/p>\n\n\n\n<p>Las al\u00edcuotas especiales, como las aplicables a la inscripci\u00f3n de veh\u00edculos 0 km, transferencia de inmuebles y operaciones financieras o de maquinaria agr\u00edcola, tambi\u00e9n se reducir\u00e1n 0,25 puntos porcentuales, equivalente a una baja de entre 11% y 14%.<\/p>\n\n\n\n<p>Impuesto Automotor<\/p>\n\n\n\n<p>Se actualizan los rangos por inflaci\u00f3n proyectada en el Presupuesto Nacional, manteniendo las categor\u00edas y al\u00edcuotas.<\/p>\n\n\n\n<ul>\n<li>Se crea un Pago \u00danico Liberatorio para motoveh\u00edculos de hasta $10.000.000 y autos, camiones, camionetas y furgones de hasta 4.000 kg, modelo 2005 o anterior, que permitir\u00e1 cancelar el tributo de forma definitiva, quedando exentos del pago en los ejercicios siguientes.<\/li>\n\n\n\n<li>Se mantienen beneficios para veh\u00edculos h\u00edbridos y el\u00e9ctricos, con una reducci\u00f3n del 50% siempre que no tengan deuda de ejercicios anteriores.<\/li>\n<\/ul>\n\n\n\n<p>Los valores se ajustar\u00e1n seg\u00fan publicaciones peri\u00f3dicas de ACARA u otras fuentes oficiales disponibles al momento de la facturaci\u00f3n de la primera cuota.<\/p>\n\n\n\n<p>Impuesto Inmobiliario<\/p>\n\n\n\n<p>Se implementan modelos de valuaci\u00f3n masiva basados en inteligencia artificial, adaptando la clasificaci\u00f3n del suelo a la Ley de Ordenamiento Territorial: urbano, interfase y rural.<\/p>\n\n\n\n<p>Los inmuebles rurales ser\u00e1n valuados por IA en 2026, mientras que los clasificados como interfase se evaluar\u00e1n mediante el modelo urbano.<\/p>\n\n\n\n<p>Se continuar\u00e1 utilizando la metodolog\u00eda surgida del OMIM, incorporando parcelas rurales y de secano.<\/p>\n\n\n\n<p>Tasas Retributivas<\/p>\n\n\n\n<p>Se actualizan los valores de las tasas provinciales, eliminando las obsoletas o duplicadas para simplificar el sistema.<\/p>\n\n\n\n<p>Modificaciones al C\u00f3digo Fiscal<\/p>\n\n\n\n<p>Incluye exenciones en Inmobiliario para inmuebles ileg\u00edtimamente despose\u00eddos, adecuaciones en Automotor para el Pago \u00danico Liberatorio y ajustes de redacci\u00f3n en Sellos para clarificar exenciones.<\/p>\n\n\n\n<p>Beneficios para contribuyentes cumplidores<\/p>\n\n\n\n<p>Se mantienen los beneficios del ejercicio 2025:<\/p>\n\n\n\n<ul>\n<li>10% de descuento para quienes tengan cancelado el impuesto al 31 de diciembre de 2025.<\/li>\n\n\n\n<li>10% adicional para quienes lo hubieran cancelado al 31 de diciembre de 2024.<\/li>\n\n\n\n<li>5% de descuento para quienes abonen el total anual en t\u00e9rmino.<\/li>\n\n\n\n<li>10% adicional para contribuyentes sin deuda vencida al 31 de diciembre de 2025.<\/li>\n<\/ul>\n\n\n\n<p>Las leyes de Aval\u00fao, Impositiva y&nbsp;<strong>Presupuesto 2026<\/strong>&nbsp;ser\u00e1n remitidas desde el Senado al Poder Ejecutivo para su promulgaci\u00f3n.<\/p>\n\n\n\n<p><strong>Fuente: www.diariouno.com.ar<\/strong><\/p>\n","protected":false},"excerpt":{"rendered":"<p>El Senado aprob\u00f3 la ley del&nbsp;Presupuesto 2026&nbsp;por amplia mayor\u00eda, tal como sucedi\u00f3 en la C\u00e1mara de Diputados. Solo tres legisladores se opusieron: dos del kirchnerismo y uno del Partido Verde. El&nbsp;peronismo&nbsp;puso sus reparos no solo al proyecto de ley sino tambi\u00e9n al andar del Gobierno provincial, pero la mayor\u00eda del bloque acab\u00f3 votando de manera [&hellip;]<\/p>\n","protected":false},"author":2,"featured_media":15782,"comment_status":"open","ping_status":"open","sticky":false,"template":"","format":"standard","meta":[],"categories":[47],"tags":[],"_links":{"self":[{"href":"https:\/\/pasaenmendoza.com\/index.php?rest_route=\/wp\/v2\/posts\/15781"}],"collection":[{"href":"https:\/\/pasaenmendoza.com\/index.php?rest_route=\/wp\/v2\/posts"}],"about":[{"href":"https:\/\/pasaenmendoza.com\/index.php?rest_route=\/wp\/v2\/types\/post"}],"author":[{"embeddable":true,"href":"https:\/\/pasaenmendoza.com\/index.php?rest_route=\/wp\/v2\/users\/2"}],"replies":[{"embeddable":true,"href":"https:\/\/pasaenmendoza.com\/index.php?rest_route=%2Fwp%2Fv2%2Fcomments&post=15781"}],"version-history":[{"count":2,"href":"https:\/\/pasaenmendoza.com\/index.php?rest_route=\/wp\/v2\/posts\/15781\/revisions"}],"predecessor-version":[{"id":15784,"href":"https:\/\/pasaenmendoza.com\/index.php?rest_route=\/wp\/v2\/posts\/15781\/revisions\/15784"}],"wp:featuredmedia":[{"embeddable":true,"href":"https:\/\/pasaenmendoza.com\/index.php?rest_route=\/wp\/v2\/media\/15782"}],"wp:attachment":[{"href":"https:\/\/pasaenmendoza.com\/index.php?rest_route=%2Fwp%2Fv2%2Fmedia&parent=15781"}],"wp:term":[{"taxonomy":"category","embeddable":true,"href":"https:\/\/pasaenmendoza.com\/index.php?rest_route=%2Fwp%2Fv2%2Fcategories&post=15781"},{"taxonomy":"post_tag","embeddable":true,"href":"https:\/\/pasaenmendoza.com\/index.php?rest_route=%2Fwp%2Fv2%2Ftags&post=15781"}],"curies":[{"name":"wp","href":"https:\/\/api.w.org\/{rel}","templated":true}]}}