{"id":15785,"date":"2025-11-18T19:36:38","date_gmt":"2025-11-18T18:36:38","guid":{"rendered":"https:\/\/pasaenmendoza.com\/?p=15785"},"modified":"2025-11-18T19:37:01","modified_gmt":"2025-11-18T18:37:01","slug":"el-sute-reclamo-proteccion-para-los-trabajadores-tras-la-agresion-a-una-maestra-por-supuesto-caso-de-abuso","status":"publish","type":"post","link":"https:\/\/pasaenmendoza.com\/?p=15785","title":{"rendered":"El SUTE reclam\u00f3 protecci\u00f3n para los trabajadores tras la agresi\u00f3n a una maestra por supuesto caso de abuso"},"content":{"rendered":"\n<p>Despu\u00e9s de momentos de tensi\u00f3n, violencia y confusi\u00f3n por la<strong>&nbsp;agresi\u00f3n<\/strong>&nbsp;que sufri\u00f3 una docente en la Escuela Primaria Abraham Lemos, en Guaymall\u00e9n,&nbsp;el Sindicato Unido de Trabajadores de la Educaci\u00f3n (<strong>SUTE<\/strong>) pidi\u00f3 que se aplique un protocolo de<strong>&nbsp;protecci\u00f3n&nbsp;<\/strong>a todo el personal del establecimiento por parte de la Direcci\u00f3n General de Escuelas (DGE).<\/p>\n\n\n\n<p>El dirigente sindical<strong>, Gustavo Correa<\/strong>, se\u00f1al\u00f3 que luego de los golpes y agresiones de la que fue v\u00edctima una&nbsp;<strong>docente,<\/strong>&nbsp;y en el que un grupo de padres reaccion\u00f3 a consecuencia del presunto abuso a ni\u00f1a de 9 a\u00f1os dentro del establecimiento, \u201cse le solicit\u00f3 al director de nivel que suspenda las clases en el turno tarde y se asigne un equipo t\u00e9cnico que haga el abordaje de semejante situaci\u00f3n y lo \u00fanico que hicieron fue poner&nbsp;<strong>polic\u00edas<\/strong>&nbsp;para custodiar el establecimiento\u201d.<\/p>\n\n\n\n<p>Correa puso de manifiesto que hay una \u201cescalada\u201d de<strong>&nbsp;violencia<\/strong>&nbsp;en las escuelas, \u201cque no se resuelve con&nbsp;<strong>polic\u00edas&nbsp;<\/strong>en las entradas de los edificios, sino con la<strong>&nbsp;contenci\u00f3n<\/strong>&nbsp;que pueda hacer un grupo de psic\u00f3logos, psicopedagogos y otros especialistas en la materia\u201d.<\/p>\n\n\n\n<p>\u201cNuestro principal inter\u00e9s es velar por la<strong>&nbsp;integridad<\/strong>&nbsp;de los trabajadores de la educaci\u00f3n. Estamos con nuestras compa\u00f1eras haciendo un seguimiento de esta delicada situaci\u00f3n. Luego de los acontecimientos pedimos que se&nbsp;<strong>suspendan<\/strong>&nbsp;las clases del turno tarde para que se haga un abordaje acorde a lo que sucedi\u00f3 en la ma\u00f1ana\u201d, lanz\u00f3 el dirigente.<\/p>\n\n\n\n<p>Este medio intent\u00f3 contactar a autoridades de la<strong>&nbsp;DGE<\/strong>&nbsp;para conocer de primera mano los pasos a seguir y la contenci\u00f3n brindada al equipo directivo, aunque no hubo respuestas.<\/p>\n\n\n\n<h2 class=\"wp-block-heading\">Un protocolo de protecci\u00f3n a docentes<\/h2>\n\n\n\n<p>El reclamo del<strong>&nbsp;SUTE<\/strong>&nbsp;se sustenta en la necesidad de un mecanismo de protecci\u00f3n a los docentes,hasta tanto haya un resultado en la investigaci\u00f3n y una resoluci\u00f3n de los casos tanto de acusaciones directas a los maestros, como cuando se reprocha su accionar o falta de pericia.<\/p>\n\n\n\n<p>&#8220;No se resuelve poniendo polic\u00edas. Esto es una evidencia clara que no tienen ni idea c\u00f3mo cuidar a lo<strong>&nbsp;maestros&nbsp;<\/strong>y a la comunidad educativa en general&#8221;, volvi\u00f3 a objetar.<\/p>\n\n\n\n<p>Correa sostuvo que hay una gran incertidumbre acerca de lo que pueda pasar cuando se vuelva a abrir la escuela este martes a las 8 AM.<\/p>\n\n\n\n<h2 class=\"wp-block-heading\">El presunto abuso contra una alumna de 9 a\u00f1os<\/h2>\n\n\n\n<p>La ma\u00f1ana de este lunes se volvi\u00f3 ca\u00f3tica en la escuela Lemos, ubicada en Corralitos, cuando familiares de una alumna que habr\u00eda sido v\u00edctima de abuso sexual irrumpieron en el establecimiento y agredieron a docentes de la instituci\u00f3n.<\/p>\n\n\n\n<p>Seg\u00fan inform\u00f3 la Polic\u00eda, el reclamo deriv\u00f3 en un violento episodio que oblig\u00f3 a la intervenci\u00f3n del personal policial. Una maestra de tercer grado y un auxiliar de direcci\u00f3n sufrieron&nbsp;<strong>lesiones leves<\/strong>, entre ellas golpes y escoriaciones.<\/p>\n\n\n\n<p>Ante la situaci\u00f3n, la&nbsp;<strong>Direcci\u00f3n de Acompa\u00f1amiento Escolar (DAE)<\/strong>&nbsp;se present\u00f3 en el lugar con el objetivo de reorganizar las actividades y garantizar que no se repitan escenas de violencia como las registradas a primera hora en la puerta de la escuela.<\/p>\n\n\n\n<p>El presunto caso de abuso sexual a\u00fan&nbsp;<strong>no tiene detenidos<\/strong>, pero la denuncia policial indica que la ni\u00f1a habr\u00eda se\u00f1alado a un obrero que trabajaba en la obra de ampliaci\u00f3n del edificio escolar. Como primera medida preventiva, la&nbsp;<strong>Direcci\u00f3n General de Escuelas (DGE)<\/strong>&nbsp;dispuso frenar los trabajos hasta que avance la investigaci\u00f3n.<\/p>\n\n\n\n<p>\u201cElla est\u00e1 en condiciones de reconocer al&nbsp;<strong>abusador<\/strong>&nbsp;y hay cinco hombres que fueron citados por la Justicia\u201d, afirm\u00f3 D\u00e1maris, hermana de la alumna.<\/p>\n\n\n\n<p>Entrada la noche del lunes, se hizo viral un audio de quien presuntamente ser\u00eda la mam\u00e1 de la&nbsp;<strong>ni\u00f1a&nbsp;<\/strong>que denunci\u00f3 un abuso sexual. En el mensaje refiere graves hechos.<\/p>\n\n\n\n<p><strong>Fuente: www.diariouno.com.ar<\/strong><\/p>\n","protected":false},"excerpt":{"rendered":"<p>Despu\u00e9s de momentos de tensi\u00f3n, violencia y confusi\u00f3n por la&nbsp;agresi\u00f3n&nbsp;que sufri\u00f3 una docente en la Escuela Primaria Abraham Lemos, en Guaymall\u00e9n,&nbsp;el Sindicato Unido de Trabajadores de la Educaci\u00f3n (SUTE) pidi\u00f3 que se aplique un protocolo de&nbsp;protecci\u00f3n&nbsp;a todo el personal del establecimiento por parte de la Direcci\u00f3n General de Escuelas (DGE). El dirigente sindical, Gustavo Correa, [&hellip;]<\/p>\n","protected":false},"author":2,"featured_media":15786,"comment_status":"open","ping_status":"open","sticky":false,"template":"","format":"standard","meta":[],"categories":[125],"tags":[],"_links":{"self":[{"href":"https:\/\/pasaenmendoza.com\/index.php?rest_route=\/wp\/v2\/posts\/15785"}],"collection":[{"href":"https:\/\/pasaenmendoza.com\/index.php?rest_route=\/wp\/v2\/posts"}],"about":[{"href":"https:\/\/pasaenmendoza.com\/index.php?rest_route=\/wp\/v2\/types\/post"}],"author":[{"embeddable":true,"href":"https:\/\/pasaenmendoza.com\/index.php?rest_route=\/wp\/v2\/users\/2"}],"replies":[{"embeddable":true,"href":"https:\/\/pasaenmendoza.com\/index.php?rest_route=%2Fwp%2Fv2%2Fcomments&post=15785"}],"version-history":[{"count":2,"href":"https:\/\/pasaenmendoza.com\/index.php?rest_route=\/wp\/v2\/posts\/15785\/revisions"}],"predecessor-version":[{"id":15788,"href":"https:\/\/pasaenmendoza.com\/index.php?rest_route=\/wp\/v2\/posts\/15785\/revisions\/15788"}],"wp:featuredmedia":[{"embeddable":true,"href":"https:\/\/pasaenmendoza.com\/index.php?rest_route=\/wp\/v2\/media\/15786"}],"wp:attachment":[{"href":"https:\/\/pasaenmendoza.com\/index.php?rest_route=%2Fwp%2Fv2%2Fmedia&parent=15785"}],"wp:term":[{"taxonomy":"category","embeddable":true,"href":"https:\/\/pasaenmendoza.com\/index.php?rest_route=%2Fwp%2Fv2%2Fcategories&post=15785"},{"taxonomy":"post_tag","embeddable":true,"href":"https:\/\/pasaenmendoza.com\/index.php?rest_route=%2Fwp%2Fv2%2Ftags&post=15785"}],"curies":[{"name":"wp","href":"https:\/\/api.w.org\/{rel}","templated":true}]}}