{"id":15789,"date":"2025-11-18T19:46:01","date_gmt":"2025-11-18T18:46:01","guid":{"rendered":"https:\/\/pasaenmendoza.com\/?p=15789"},"modified":"2025-11-18T19:46:02","modified_gmt":"2025-11-18T18:46:02","slug":"atencion-interrumpiran-el-paso-a-chile-en-la-previa-del-fin-de-semana-largo","status":"publish","type":"post","link":"https:\/\/pasaenmendoza.com\/?p=15789","title":{"rendered":"Atenci\u00f3n: interrumpir\u00e1n el paso a Chile en la previa del fin de semana largo"},"content":{"rendered":"\n<p>Autoridades de frontera que coordinan el<strong>\u00a0Sistema Integrado Cristo Redentor\u00a0<\/strong>de alta monta\u00f1a informaron en la ma\u00f1ana de este martes, que el\u00a0<strong>paso a Chile\u00a0<\/strong>sufrir\u00e1 interrupciones en la previa del pr\u00f3ximo\u00a0<strong>fin de semana largo<\/strong>, que abarcar\u00e1 desde el viernes hasta el lunes, en el marco del D\u00eda de la Soberan\u00eda Nacional (20 de noviembre).\u00a0<\/p>\n\n\n\n<p>Precisamente el jueves de esta semana, desde las 0 y hasta las 7, se cortar\u00e1 la circulaci\u00f3n vehicular por trabajos de mantenimiento en el t\u00fanel internacional por parte de Vialidad Nacional.\u00a0<\/p>\n\n\n\n<p>Culminadas las tareas se retomar\u00e1 el tr\u00e1fico habitual, que empezar\u00e1 a intensificarse con el paso de las horas y con el flujo de mendocinos que emprendan el viaje al vecino pa\u00eds para aprovechar el<strong>&nbsp;fin de semana XXL.&nbsp;<\/strong><\/p>\n\n\n\n<p>Mientras, este martes el\u00a0<strong>paso a Chile<\/strong>\u00a0est\u00e1 habilitado para todo tipo de rodados las 24 horas, registr\u00e1ndose las siguientes temperaturas en las principales localidades cordilleranas:\u00a0<\/p>\n\n\n\n<p>\u25b6\ufe0f Uspallata &nbsp; &nbsp; &nbsp; &nbsp; &nbsp; &nbsp; &nbsp;11\u00b0<br>\u25b6\ufe0f Punta &nbsp;de Vaca. &nbsp; 07\u00b0 &nbsp; &nbsp; &nbsp;<br>\u25b6\ufe0f Puente del Inca &nbsp; 05\u00b0<br>\u25b6\ufe0f Las Cuevas. &nbsp; &nbsp; &nbsp; &nbsp; 04\u00b0<\/p>\n\n\n\n<p>En cuanto al otro paso, el\u00a0<strong>Pehuenche en Malarg\u00fce<\/strong>, opera de forma normal, de 9 a 18.\u00a0<\/p>\n\n\n\n<p><strong>Fuente: www.diariomendoza.com.ar<\/strong><\/p>\n","protected":false},"excerpt":{"rendered":"<p>Autoridades de frontera que coordinan el\u00a0Sistema Integrado Cristo Redentor\u00a0de alta monta\u00f1a informaron en la ma\u00f1ana de este martes, que el\u00a0paso a Chile\u00a0sufrir\u00e1 interrupciones en la previa del pr\u00f3ximo\u00a0fin de semana largo, que abarcar\u00e1 desde el viernes hasta el lunes, en el marco del D\u00eda de la Soberan\u00eda Nacional (20 de noviembre).\u00a0 Precisamente el jueves de [&hellip;]<\/p>\n","protected":false},"author":2,"featured_media":15790,"comment_status":"open","ping_status":"open","sticky":false,"template":"","format":"standard","meta":[],"categories":[66],"tags":[],"_links":{"self":[{"href":"https:\/\/pasaenmendoza.com\/index.php?rest_route=\/wp\/v2\/posts\/15789"}],"collection":[{"href":"https:\/\/pasaenmendoza.com\/index.php?rest_route=\/wp\/v2\/posts"}],"about":[{"href":"https:\/\/pasaenmendoza.com\/index.php?rest_route=\/wp\/v2\/types\/post"}],"author":[{"embeddable":true,"href":"https:\/\/pasaenmendoza.com\/index.php?rest_route=\/wp\/v2\/users\/2"}],"replies":[{"embeddable":true,"href":"https:\/\/pasaenmendoza.com\/index.php?rest_route=%2Fwp%2Fv2%2Fcomments&post=15789"}],"version-history":[{"count":1,"href":"https:\/\/pasaenmendoza.com\/index.php?rest_route=\/wp\/v2\/posts\/15789\/revisions"}],"predecessor-version":[{"id":15791,"href":"https:\/\/pasaenmendoza.com\/index.php?rest_route=\/wp\/v2\/posts\/15789\/revisions\/15791"}],"wp:featuredmedia":[{"embeddable":true,"href":"https:\/\/pasaenmendoza.com\/index.php?rest_route=\/wp\/v2\/media\/15790"}],"wp:attachment":[{"href":"https:\/\/pasaenmendoza.com\/index.php?rest_route=%2Fwp%2Fv2%2Fmedia&parent=15789"}],"wp:term":[{"taxonomy":"category","embeddable":true,"href":"https:\/\/pasaenmendoza.com\/index.php?rest_route=%2Fwp%2Fv2%2Fcategories&post=15789"},{"taxonomy":"post_tag","embeddable":true,"href":"https:\/\/pasaenmendoza.com\/index.php?rest_route=%2Fwp%2Fv2%2Ftags&post=15789"}],"curies":[{"name":"wp","href":"https:\/\/api.w.org\/{rel}","templated":true}]}}